{"id":2787,"date":"2026-07-11T16:01:06","date_gmt":"2026-07-11T16:01:06","guid":{"rendered":"https:\/\/hannesriedeins.sommercamp.berlin\/?p=2787"},"modified":"2026-07-12T09:25:47","modified_gmt":"2026-07-12T09:25:47","slug":"anreise","status":"publish","type":"post","link":"https:\/\/hannesriedeins.sommercamp.berlin\/?p=2787","title":{"rendered":"Anreise"},"content":{"rendered":"<p>Liebe Eltern,<\/p>\n<p>wir sind alle gut im Sommercamp angekommen. \ud83c\udf1e<\/p>\n<p><img loading=\"lazy\" decoding=\"async\" class=\"alignnone size-full wp-image-2790\" src=\"https:\/\/hannesriedeins.sommercamp.berlin\/wp-content\/uploads\/2026\/07\/Willkommen-scaled.jpg\" alt=\"\" width=\"1805\" height=\"2560\" srcset=\"https:\/\/hannesriedeins.sommercamp.berlin\/wp-content\/uploads\/2026\/07\/Willkommen-scaled.jpg 1805w, https:\/\/hannesriedeins.sommercamp.berlin\/wp-content\/uploads\/2026\/07\/Willkommen-212x300.jpg 212w, https:\/\/hannesriedeins.sommercamp.berlin\/wp-content\/uploads\/2026\/07\/Willkommen-722x1024.jpg 722w, https:\/\/hannesriedeins.sommercamp.berlin\/wp-content\/uploads\/2026\/07\/Willkommen-768x1089.jpg 768w, https:\/\/hannesriedeins.sommercamp.berlin\/wp-content\/uploads\/2026\/07\/Willkommen-1083x1536.jpg 1083w, https:\/\/hannesriedeins.sommercamp.berlin\/wp-content\/uploads\/2026\/07\/Willkommen-1444x2048.jpg 1444w\" sizes=\"auto, (max-width: 767px) 89vw, (max-width: 1000px) 54vw, (max-width: 1071px) 543px, 580px\" \/><\/p>\n<p>Die ersten Eindr\u00fccke werden gesammelt und alle Kinder werden in das Gel\u00e4nde und den Zeltpatz eingewiesen.<\/p>\n<p>Am ersten Tag gibt es aufgrund der sp\u00e4ten Anreise erstmal kein Lagerfeuer mit Nachtwache und auch in den Wald geht es erst ab morgen.<\/p>\n","protected":false},"excerpt":{"rendered":"<p>Liebe Eltern, wir sind alle gut im Sommercamp angekommen. \ud83c\udf1e Die ersten Eindr\u00fccke werden gesammelt und alle Kinder werden in das Gel\u00e4nde und den Zeltpatz eingewiesen. Am ersten Tag gibt es aufgrund der sp\u00e4ten Anreise erstmal kein Lagerfeuer mit Nachtwache und auch in den Wald geht es erst ab morgen.<\/p>\n","protected":false},"author":4,"featured_media":0,"comment_status":"open","ping_status":"closed","sticky":false,"template":"","format":"standard","meta":{"footnotes":""},"categories":[1],"tags":[],"class_list":["post-2787","post","type-post","status-publish","format-standard","hentry","category-uncategorized"],"yoast_head":"<!-- This site is optimized with the Yoast SEO plugin v28.0 - https:\/\/yoast.com\/product\/yoast-seo-wordpress\/ -->\n<title>Anreise - Sommercamp Hannesried I<\/title>\n<meta name=\"robots\" content=\"noindex, follow, max-snippet:-1, max-image-preview:large, max-video-preview:-1\" \/>\n<meta property=\"og:locale\" content=\"de_DE\" \/>\n<meta property=\"og:type\" content=\"article\" \/>\n<meta property=\"og:title\" content=\"Anreise - Sommercamp Hannesried I\" \/>\n<meta property=\"og:description\" content=\"Liebe Eltern, wir sind alle gut im Sommercamp angekommen. \ud83c\udf1e Die ersten Eindr\u00fccke werden gesammelt und alle Kinder werden in das Gel\u00e4nde und den Zeltpatz eingewiesen. Am ersten Tag gibt es aufgrund der sp\u00e4ten Anreise erstmal kein Lagerfeuer mit Nachtwache und auch in den Wald geht es erst ab morgen.\" \/>\n<meta property=\"og:url\" content=\"https:\/\/hannesriedeins.sommercamp.berlin\/?p=2787\" \/>\n<meta property=\"og:site_name\" content=\"Sommercamp Hannesried I\" \/>\n<meta property=\"article:published_time\" content=\"2026-07-11T16:01:06+00:00\" \/>\n<meta property=\"article:modified_time\" content=\"2026-07-12T09:25:47+00:00\" \/>\n<meta property=\"og:image\" content=\"https:\/\/hannesriedeins.sommercamp.berlin\/wp-content\/uploads\/2026\/07\/Willkommen-scaled.jpg\" \/>\n\t<meta property=\"og:image:width\" content=\"1805\" \/>\n\t<meta property=\"og:image:height\" content=\"2560\" \/>\n\t<meta property=\"og:image:type\" content=\"image\/jpeg\" \/>\n<meta name=\"author\" content=\"han1\" \/>\n<meta name=\"twitter:card\" content=\"summary_large_image\" \/>\n<meta name=\"twitter:label1\" content=\"Verfasst von\" \/>\n\t<meta name=\"twitter:data1\" content=\"han1\" \/>\n\t<meta name=\"twitter:label2\" content=\"Gesch\u00e4tzte Lesezeit\" \/>\n\t<meta name=\"twitter:data2\" content=\"1\u00a0Minute\" \/>\n<script type=\"application\/ld+json\" class=\"yoast-schema-graph\">{\"@context\":\"https:\\\/\\\/schema.org\",\"@graph\":[{\"@type\":\"Article\",\"@id\":\"https:\\\/\\\/hannesriedeins.sommercamp.berlin\\\/?p=2787#article\",\"isPartOf\":{\"@id\":\"https:\\\/\\\/hannesriedeins.sommercamp.berlin\\\/?p=2787\"},\"author\":{\"name\":\"han1\",\"@id\":\"https:\\\/\\\/hannesriedeins.sommercamp.berlin\\\/#\\\/schema\\\/person\\\/a13978800521ce525648ff1baba73c05\"},\"headline\":\"Anreise\",\"datePublished\":\"2026-07-11T16:01:06+00:00\",\"dateModified\":\"2026-07-12T09:25:47+00:00\",\"mainEntityOfPage\":{\"@id\":\"https:\\\/\\\/hannesriedeins.sommercamp.berlin\\\/?p=2787\"},\"wordCount\":53,\"commentCount\":0,\"image\":{\"@id\":\"https:\\\/\\\/hannesriedeins.sommercamp.berlin\\\/?p=2787#primaryimage\"},\"thumbnailUrl\":\"https:\\\/\\\/hannesriedeins.sommercamp.berlin\\\/wp-content\\\/uploads\\\/2026\\\/07\\\/Willkommen-scaled.jpg\",\"articleSection\":[\"Uncategorized\"],\"inLanguage\":\"de\",\"potentialAction\":[{\"@type\":\"CommentAction\",\"name\":\"Comment\",\"target\":[\"https:\\\/\\\/hannesriedeins.sommercamp.berlin\\\/?p=2787#respond\"]}]},{\"@type\":\"WebPage\",\"@id\":\"https:\\\/\\\/hannesriedeins.sommercamp.berlin\\\/?p=2787\",\"url\":\"https:\\\/\\\/hannesriedeins.sommercamp.berlin\\\/?p=2787\",\"name\":\"Anreise - Sommercamp Hannesried I\",\"isPartOf\":{\"@id\":\"https:\\\/\\\/hannesriedeins.sommercamp.berlin\\\/#website\"},\"primaryImageOfPage\":{\"@id\":\"https:\\\/\\\/hannesriedeins.sommercamp.berlin\\\/?p=2787#primaryimage\"},\"image\":{\"@id\":\"https:\\\/\\\/hannesriedeins.sommercamp.berlin\\\/?p=2787#primaryimage\"},\"thumbnailUrl\":\"https:\\\/\\\/hannesriedeins.sommercamp.berlin\\\/wp-content\\\/uploads\\\/2026\\\/07\\\/Willkommen-scaled.jpg\",\"datePublished\":\"2026-07-11T16:01:06+00:00\",\"dateModified\":\"2026-07-12T09:25:47+00:00\",\"author\":{\"@id\":\"https:\\\/\\\/hannesriedeins.sommercamp.berlin\\\/#\\\/schema\\\/person\\\/a13978800521ce525648ff1baba73c05\"},\"breadcrumb\":{\"@id\":\"https:\\\/\\\/hannesriedeins.sommercamp.berlin\\\/?p=2787#breadcrumb\"},\"inLanguage\":\"de\",\"potentialAction\":[{\"@type\":\"ReadAction\",\"target\":[\"https:\\\/\\\/hannesriedeins.sommercamp.berlin\\\/?p=2787\"]}]},{\"@type\":\"ImageObject\",\"inLanguage\":\"de\",\"@id\":\"https:\\\/\\\/hannesriedeins.sommercamp.berlin\\\/?p=2787#primaryimage\",\"url\":\"https:\\\/\\\/hannesriedeins.sommercamp.berlin\\\/wp-content\\\/uploads\\\/2026\\\/07\\\/Willkommen-scaled.jpg\",\"contentUrl\":\"https:\\\/\\\/hannesriedeins.sommercamp.berlin\\\/wp-content\\\/uploads\\\/2026\\\/07\\\/Willkommen-scaled.jpg\",\"width\":1805,\"height\":2560},{\"@type\":\"BreadcrumbList\",\"@id\":\"https:\\\/\\\/hannesriedeins.sommercamp.berlin\\\/?p=2787#breadcrumb\",\"itemListElement\":[{\"@type\":\"ListItem\",\"position\":1,\"name\":\"Startseite\",\"item\":\"https:\\\/\\\/hannesriedeins.sommercamp.berlin\\\/\"},{\"@type\":\"ListItem\",\"position\":2,\"name\":\"Anreise\"}]},{\"@type\":\"WebSite\",\"@id\":\"https:\\\/\\\/hannesriedeins.sommercamp.berlin\\\/#website\",\"url\":\"https:\\\/\\\/hannesriedeins.sommercamp.berlin\\\/\",\"name\":\"Sommercamp Hannesried I\",\"description\":\"11.07.-31.07.2026\",\"potentialAction\":[{\"@type\":\"SearchAction\",\"target\":{\"@type\":\"EntryPoint\",\"urlTemplate\":\"https:\\\/\\\/hannesriedeins.sommercamp.berlin\\\/?s={search_term_string}\"},\"query-input\":{\"@type\":\"PropertyValueSpecification\",\"valueRequired\":true,\"valueName\":\"search_term_string\"}}],\"inLanguage\":\"de\"},{\"@type\":\"Person\",\"@id\":\"https:\\\/\\\/hannesriedeins.sommercamp.berlin\\\/#\\\/schema\\\/person\\\/a13978800521ce525648ff1baba73c05\",\"name\":\"han1\",\"image\":{\"@type\":\"ImageObject\",\"inLanguage\":\"de\",\"@id\":\"https:\\\/\\\/secure.gravatar.com\\\/avatar\\\/237162ef45888cd7beaaaff5a466d9d08f5480c7b40d53915fa7f52f8f1bcb6f?s=96&d=mm&r=g\",\"url\":\"https:\\\/\\\/secure.gravatar.com\\\/avatar\\\/237162ef45888cd7beaaaff5a466d9d08f5480c7b40d53915fa7f52f8f1bcb6f?s=96&d=mm&r=g\",\"contentUrl\":\"https:\\\/\\\/secure.gravatar.com\\\/avatar\\\/237162ef45888cd7beaaaff5a466d9d08f5480c7b40d53915fa7f52f8f1bcb6f?s=96&d=mm&r=g\",\"caption\":\"han1\"},\"url\":\"https:\\\/\\\/hannesriedeins.sommercamp.berlin\\\/?author=4\"}]}<\/script>\n<!-- \/ Yoast SEO plugin. -->","yoast_head_json":{"title":"Anreise - Sommercamp Hannesried I","robots":{"index":"noindex","follow":"follow","max-snippet":"max-snippet:-1","max-image-preview":"max-image-preview:large","max-video-preview":"max-video-preview:-1"},"og_locale":"de_DE","og_type":"article","og_title":"Anreise - Sommercamp Hannesried I","og_description":"Liebe Eltern, wir sind alle gut im Sommercamp angekommen. \ud83c\udf1e Die ersten Eindr\u00fccke werden gesammelt und alle Kinder werden in das Gel\u00e4nde und den Zeltpatz eingewiesen. Am ersten Tag gibt es aufgrund der sp\u00e4ten Anreise erstmal kein Lagerfeuer mit Nachtwache und auch in den Wald geht es erst ab morgen.","og_url":"https:\/\/hannesriedeins.sommercamp.berlin\/?p=2787","og_site_name":"Sommercamp Hannesried I","article_published_time":"2026-07-11T16:01:06+00:00","article_modified_time":"2026-07-12T09:25:47+00:00","og_image":[{"width":1805,"height":2560,"url":"https:\/\/hannesriedeins.sommercamp.berlin\/wp-content\/uploads\/2026\/07\/Willkommen-scaled.jpg","type":"image\/jpeg"}],"author":"han1","twitter_card":"summary_large_image","twitter_misc":{"Verfasst von":"han1","Gesch\u00e4tzte Lesezeit":"1\u00a0Minute"},"schema":{"@context":"https:\/\/schema.org","@graph":[{"@type":"Article","@id":"https:\/\/hannesriedeins.sommercamp.berlin\/?p=2787#article","isPartOf":{"@id":"https:\/\/hannesriedeins.sommercamp.berlin\/?p=2787"},"author":{"name":"han1","@id":"https:\/\/hannesriedeins.sommercamp.berlin\/#\/schema\/person\/a13978800521ce525648ff1baba73c05"},"headline":"Anreise","datePublished":"2026-07-11T16:01:06+00:00","dateModified":"2026-07-12T09:25:47+00:00","mainEntityOfPage":{"@id":"https:\/\/hannesriedeins.sommercamp.berlin\/?p=2787"},"wordCount":53,"commentCount":0,"image":{"@id":"https:\/\/hannesriedeins.sommercamp.berlin\/?p=2787#primaryimage"},"thumbnailUrl":"https:\/\/hannesriedeins.sommercamp.berlin\/wp-content\/uploads\/2026\/07\/Willkommen-scaled.jpg","articleSection":["Uncategorized"],"inLanguage":"de","potentialAction":[{"@type":"CommentAction","name":"Comment","target":["https:\/\/hannesriedeins.sommercamp.berlin\/?p=2787#respond"]}]},{"@type":"WebPage","@id":"https:\/\/hannesriedeins.sommercamp.berlin\/?p=2787","url":"https:\/\/hannesriedeins.sommercamp.berlin\/?p=2787","name":"Anreise - Sommercamp Hannesried I","isPartOf":{"@id":"https:\/\/hannesriedeins.sommercamp.berlin\/#website"},"primaryImageOfPage":{"@id":"https:\/\/hannesriedeins.sommercamp.berlin\/?p=2787#primaryimage"},"image":{"@id":"https:\/\/hannesriedeins.sommercamp.berlin\/?p=2787#primaryimage"},"thumbnailUrl":"https:\/\/hannesriedeins.sommercamp.berlin\/wp-content\/uploads\/2026\/07\/Willkommen-scaled.jpg","datePublished":"2026-07-11T16:01:06+00:00","dateModified":"2026-07-12T09:25:47+00:00","author":{"@id":"https:\/\/hannesriedeins.sommercamp.berlin\/#\/schema\/person\/a13978800521ce525648ff1baba73c05"},"breadcrumb":{"@id":"https:\/\/hannesriedeins.sommercamp.berlin\/?p=2787#breadcrumb"},"inLanguage":"de","potentialAction":[{"@type":"ReadAction","target":["https:\/\/hannesriedeins.sommercamp.berlin\/?p=2787"]}]},{"@type":"ImageObject","inLanguage":"de","@id":"https:\/\/hannesriedeins.sommercamp.berlin\/?p=2787#primaryimage","url":"https:\/\/hannesriedeins.sommercamp.berlin\/wp-content\/uploads\/2026\/07\/Willkommen-scaled.jpg","contentUrl":"https:\/\/hannesriedeins.sommercamp.berlin\/wp-content\/uploads\/2026\/07\/Willkommen-scaled.jpg","width":1805,"height":2560},{"@type":"BreadcrumbList","@id":"https:\/\/hannesriedeins.sommercamp.berlin\/?p=2787#breadcrumb","itemListElement":[{"@type":"ListItem","position":1,"name":"Startseite","item":"https:\/\/hannesriedeins.sommercamp.berlin\/"},{"@type":"ListItem","position":2,"name":"Anreise"}]},{"@type":"WebSite","@id":"https:\/\/hannesriedeins.sommercamp.berlin\/#website","url":"https:\/\/hannesriedeins.sommercamp.berlin\/","name":"Sommercamp Hannesried I","description":"11.07.-31.07.2026","potentialAction":[{"@type":"SearchAction","target":{"@type":"EntryPoint","urlTemplate":"https:\/\/hannesriedeins.sommercamp.berlin\/?s={search_term_string}"},"query-input":{"@type":"PropertyValueSpecification","valueRequired":true,"valueName":"search_term_string"}}],"inLanguage":"de"},{"@type":"Person","@id":"https:\/\/hannesriedeins.sommercamp.berlin\/#\/schema\/person\/a13978800521ce525648ff1baba73c05","name":"han1","image":{"@type":"ImageObject","inLanguage":"de","@id":"https:\/\/secure.gravatar.com\/avatar\/237162ef45888cd7beaaaff5a466d9d08f5480c7b40d53915fa7f52f8f1bcb6f?s=96&d=mm&r=g","url":"https:\/\/secure.gravatar.com\/avatar\/237162ef45888cd7beaaaff5a466d9d08f5480c7b40d53915fa7f52f8f1bcb6f?s=96&d=mm&r=g","contentUrl":"https:\/\/secure.gravatar.com\/avatar\/237162ef45888cd7beaaaff5a466d9d08f5480c7b40d53915fa7f52f8f1bcb6f?s=96&d=mm&r=g","caption":"han1"},"url":"https:\/\/hannesriedeins.sommercamp.berlin\/?author=4"}]}},"_links":{"self":[{"href":"https:\/\/hannesriedeins.sommercamp.berlin\/index.php?rest_route=\/wp\/v2\/posts\/2787","targetHints":{"allow":["GET"]}}],"collection":[{"href":"https:\/\/hannesriedeins.sommercamp.berlin\/index.php?rest_route=\/wp\/v2\/posts"}],"about":[{"href":"https:\/\/hannesriedeins.sommercamp.berlin\/index.php?rest_route=\/wp\/v2\/types\/post"}],"author":[{"embeddable":true,"href":"https:\/\/hannesriedeins.sommercamp.berlin\/index.php?rest_route=\/wp\/v2\/users\/4"}],"replies":[{"embeddable":true,"href":"https:\/\/hannesriedeins.sommercamp.berlin\/index.php?rest_route=%2Fwp%2Fv2%2Fcomments&post=2787"}],"version-history":[{"count":3,"href":"https:\/\/hannesriedeins.sommercamp.berlin\/index.php?rest_route=\/wp\/v2\/posts\/2787\/revisions"}],"predecessor-version":[{"id":2791,"href":"https:\/\/hannesriedeins.sommercamp.berlin\/index.php?rest_route=\/wp\/v2\/posts\/2787\/revisions\/2791"}],"wp:attachment":[{"href":"https:\/\/hannesriedeins.sommercamp.berlin\/index.php?rest_route=%2Fwp%2Fv2%2Fmedia&parent=2787"}],"wp:term":[{"taxonomy":"category","embeddable":true,"href":"https:\/\/hannesriedeins.sommercamp.berlin\/index.php?rest_route=%2Fwp%2Fv2%2Fcategories&post=2787"},{"taxonomy":"post_tag","embeddable":true,"href":"https:\/\/hannesriedeins.sommercamp.berlin\/index.php?rest_route=%2Fwp%2Fv2%2Ftags&post=2787"}],"curies":[{"name":"wp","href":"https:\/\/api.w.org\/{rel}","templated":true}]}}