{"id":2848,"date":"2026-07-16T13:03:48","date_gmt":"2026-07-16T13:03:48","guid":{"rendered":"https:\/\/hannesriedeins.sommercamp.berlin\/?p=2848"},"modified":"2026-07-17T13:30:31","modified_gmt":"2026-07-17T13:30:31","slug":"der-beyernpark","status":"publish","type":"post","link":"https:\/\/hannesriedeins.sommercamp.berlin\/?p=2848","title":{"rendered":"Der BayernPark"},"content":{"rendered":"<p><strong>Tagesausflug in den Bayernpark<\/strong><\/p>\n<p>Heute stand f\u00fcr die Kinder unseres Sommercamps ein ganz besonderer Ausflug auf dem Programm. Bereits um <strong>07:00 Uhr<\/strong> hie\u00df es: Aufstehen und fertig machen! Nach einem gemeinsamen Fr\u00fchst\u00fcck ging es voller Vorfreude in den Bayernpark.<\/p>\n<p>Dort verbrachten die Kinder einen erlebnisreichen Tag mit viel Spa\u00df, Bewegung und gemeinsamen Abenteuern. Ob beim Entdecken des Parks, Spielen oder einfach beim Genie\u00dfen der Zeit mit Freunden \u2013 f\u00fcr alle war etwas dabei.<\/p>\n<p>Am Abend traten wir schlie\u00dflich die R\u00fcckfahrt an und kamen gegen <strong>19:00 Uhr<\/strong> wieder im Camp an. Dort wartete bereits ein leckeres Abendessen auf die Kinder, bevor der Tag gem\u00fctlich mit der Nachtwache und Lagerfeuer ausklang.<\/p>\n<p><img loading=\"lazy\" decoding=\"async\" class=\"alignnone size-full wp-image-2849\" src=\"https:\/\/hannesriedeins.sommercamp.berlin\/wp-content\/uploads\/2026\/07\/signal-2026-07-17-12-26-26-687_002.jpg\" alt=\"\" width=\"600\" height=\"649\" srcset=\"https:\/\/hannesriedeins.sommercamp.berlin\/wp-content\/uploads\/2026\/07\/signal-2026-07-17-12-26-26-687_002.jpg 600w, https:\/\/hannesriedeins.sommercamp.berlin\/wp-content\/uploads\/2026\/07\/signal-2026-07-17-12-26-26-687_002-277x300.jpg 277w\" sizes=\"auto, (max-width: 600px) 100vw, 600px\" \/> <img loading=\"lazy\" decoding=\"async\" class=\"alignnone size-full wp-image-2850\" src=\"https:\/\/hannesriedeins.sommercamp.berlin\/wp-content\/uploads\/2026\/07\/signal-2026-07-17-12-26-26-687_003.jpg\" alt=\"\" width=\"600\" height=\"800\" srcset=\"https:\/\/hannesriedeins.sommercamp.berlin\/wp-content\/uploads\/2026\/07\/signal-2026-07-17-12-26-26-687_003.jpg 600w, https:\/\/hannesriedeins.sommercamp.berlin\/wp-content\/uploads\/2026\/07\/signal-2026-07-17-12-26-26-687_003-225x300.jpg 225w\" sizes=\"auto, (max-width: 600px) 100vw, 600px\" \/> <img loading=\"lazy\" decoding=\"async\" class=\"alignnone size-full wp-image-2851\" src=\"https:\/\/hannesriedeins.sommercamp.berlin\/wp-content\/uploads\/2026\/07\/signal-2026-07-17-12-26-26-687_004.jpg\" alt=\"\" width=\"816\" height=\"600\" srcset=\"https:\/\/hannesriedeins.sommercamp.berlin\/wp-content\/uploads\/2026\/07\/signal-2026-07-17-12-26-26-687_004.jpg 816w, https:\/\/hannesriedeins.sommercamp.berlin\/wp-content\/uploads\/2026\/07\/signal-2026-07-17-12-26-26-687_004-300x221.jpg 300w, https:\/\/hannesriedeins.sommercamp.berlin\/wp-content\/uploads\/2026\/07\/signal-2026-07-17-12-26-26-687_004-768x565.jpg 768w\" sizes=\"auto, (max-width: 767px) 89vw, (max-width: 1000px) 54vw, (max-width: 1071px) 543px, 580px\" \/> <img loading=\"lazy\" decoding=\"async\" class=\"alignnone size-full wp-image-2852\" src=\"https:\/\/hannesriedeins.sommercamp.berlin\/wp-content\/uploads\/2026\/07\/signal-2026-07-17-12-26-26-687_005.jpg\" alt=\"\" width=\"600\" height=\"800\" srcset=\"https:\/\/hannesriedeins.sommercamp.berlin\/wp-content\/uploads\/2026\/07\/signal-2026-07-17-12-26-26-687_005.jpg 600w, https:\/\/hannesriedeins.sommercamp.berlin\/wp-content\/uploads\/2026\/07\/signal-2026-07-17-12-26-26-687_005-225x300.jpg 225w\" sizes=\"auto, (max-width: 600px) 100vw, 600px\" \/> <img loading=\"lazy\" decoding=\"async\" class=\"alignnone size-full wp-image-2853\" src=\"https:\/\/hannesriedeins.sommercamp.berlin\/wp-content\/uploads\/2026\/07\/signal-2026-07-17-12-26-26-687_006.jpg\" alt=\"\" width=\"639\" height=\"600\" srcset=\"https:\/\/hannesriedeins.sommercamp.berlin\/wp-content\/uploads\/2026\/07\/signal-2026-07-17-12-26-26-687_006.jpg 639w, https:\/\/hannesriedeins.sommercamp.berlin\/wp-content\/uploads\/2026\/07\/signal-2026-07-17-12-26-26-687_006-300x282.jpg 300w\" sizes=\"auto, (max-width: 639px) 100vw, 639px\" \/> <img loading=\"lazy\" decoding=\"async\" class=\"alignnone size-full wp-image-2854\" src=\"https:\/\/hannesriedeins.sommercamp.berlin\/wp-content\/uploads\/2026\/07\/signal-2026-07-17-12-26-26-687_007.jpg\" alt=\"\" width=\"600\" height=\"773\" srcset=\"https:\/\/hannesriedeins.sommercamp.berlin\/wp-content\/uploads\/2026\/07\/signal-2026-07-17-12-26-26-687_007.jpg 600w, https:\/\/hannesriedeins.sommercamp.berlin\/wp-content\/uploads\/2026\/07\/signal-2026-07-17-12-26-26-687_007-233x300.jpg 233w\" sizes=\"auto, (max-width: 600px) 100vw, 600px\" \/> <img loading=\"lazy\" decoding=\"async\" class=\"alignnone size-full wp-image-2855\" src=\"https:\/\/hannesriedeins.sommercamp.berlin\/wp-content\/uploads\/2026\/07\/signal-2026-07-17-12-26-26-687_008.jpg\" alt=\"\" width=\"600\" height=\"800\" srcset=\"https:\/\/hannesriedeins.sommercamp.berlin\/wp-content\/uploads\/2026\/07\/signal-2026-07-17-12-26-26-687_008.jpg 600w, https:\/\/hannesriedeins.sommercamp.berlin\/wp-content\/uploads\/2026\/07\/signal-2026-07-17-12-26-26-687_008-225x300.jpg 225w\" sizes=\"auto, (max-width: 600px) 100vw, 600px\" \/> <img loading=\"lazy\" decoding=\"async\" class=\"alignnone size-full wp-image-2856\" src=\"https:\/\/hannesriedeins.sommercamp.berlin\/wp-content\/uploads\/2026\/07\/signal-2026-07-17-12-26-26-687_009.jpg\" alt=\"\" width=\"600\" height=\"729\" srcset=\"https:\/\/hannesriedeins.sommercamp.berlin\/wp-content\/uploads\/2026\/07\/signal-2026-07-17-12-26-26-687_009.jpg 600w, https:\/\/hannesriedeins.sommercamp.berlin\/wp-content\/uploads\/2026\/07\/signal-2026-07-17-12-26-26-687_009-247x300.jpg 247w\" sizes=\"auto, (max-width: 600px) 100vw, 600px\" \/> <img loading=\"lazy\" decoding=\"async\" class=\"alignnone size-full wp-image-2857\" src=\"https:\/\/hannesriedeins.sommercamp.berlin\/wp-content\/uploads\/2026\/07\/signal-2026-07-17-12-26-26-687_010.jpg\" alt=\"\" width=\"600\" height=\"800\" srcset=\"https:\/\/hannesriedeins.sommercamp.berlin\/wp-content\/uploads\/2026\/07\/signal-2026-07-17-12-26-26-687_010.jpg 600w, https:\/\/hannesriedeins.sommercamp.berlin\/wp-content\/uploads\/2026\/07\/signal-2026-07-17-12-26-26-687_010-225x300.jpg 225w\" sizes=\"auto, (max-width: 600px) 100vw, 600px\" \/> <img loading=\"lazy\" decoding=\"async\" class=\"alignnone size-full wp-image-2858\" src=\"https:\/\/hannesriedeins.sommercamp.berlin\/wp-content\/uploads\/2026\/07\/signal-2026-07-17-12-26-26-687_011.jpg\" alt=\"\" width=\"600\" height=\"771\" srcset=\"https:\/\/hannesriedeins.sommercamp.berlin\/wp-content\/uploads\/2026\/07\/signal-2026-07-17-12-26-26-687_011.jpg 600w, https:\/\/hannesriedeins.sommercamp.berlin\/wp-content\/uploads\/2026\/07\/signal-2026-07-17-12-26-26-687_011-233x300.jpg 233w\" sizes=\"auto, (max-width: 600px) 100vw, 600px\" \/> <img loading=\"lazy\" decoding=\"async\" class=\"alignnone size-full wp-image-2859\" src=\"https:\/\/hannesriedeins.sommercamp.berlin\/wp-content\/uploads\/2026\/07\/signal-2026-07-17-12-26-26-687_012.jpg\" alt=\"\" width=\"600\" height=\"800\" srcset=\"https:\/\/hannesriedeins.sommercamp.berlin\/wp-content\/uploads\/2026\/07\/signal-2026-07-17-12-26-26-687_012.jpg 600w, https:\/\/hannesriedeins.sommercamp.berlin\/wp-content\/uploads\/2026\/07\/signal-2026-07-17-12-26-26-687_012-225x300.jpg 225w\" sizes=\"auto, (max-width: 600px) 100vw, 600px\" \/> <img loading=\"lazy\" decoding=\"async\" class=\"alignnone size-full wp-image-2860\" src=\"https:\/\/hannesriedeins.sommercamp.berlin\/wp-content\/uploads\/2026\/07\/signal-2026-07-17-12-26-26-687_013.jpg\" alt=\"\" width=\"600\" height=\"800\" srcset=\"https:\/\/hannesriedeins.sommercamp.berlin\/wp-content\/uploads\/2026\/07\/signal-2026-07-17-12-26-26-687_013.jpg 600w, https:\/\/hannesriedeins.sommercamp.berlin\/wp-content\/uploads\/2026\/07\/signal-2026-07-17-12-26-26-687_013-225x300.jpg 225w\" sizes=\"auto, (max-width: 600px) 100vw, 600px\" \/> <img loading=\"lazy\" decoding=\"async\" class=\"alignnone size-full wp-image-2861\" src=\"https:\/\/hannesriedeins.sommercamp.berlin\/wp-content\/uploads\/2026\/07\/signal-2026-07-17-12-26-26-687_014.jpg\" alt=\"\" width=\"600\" height=\"800\" srcset=\"https:\/\/hannesriedeins.sommercamp.berlin\/wp-content\/uploads\/2026\/07\/signal-2026-07-17-12-26-26-687_014.jpg 600w, https:\/\/hannesriedeins.sommercamp.berlin\/wp-content\/uploads\/2026\/07\/signal-2026-07-17-12-26-26-687_014-225x300.jpg 225w\" sizes=\"auto, (max-width: 600px) 100vw, 600px\" \/> <img loading=\"lazy\" decoding=\"async\" class=\"alignnone size-full wp-image-2862\" src=\"https:\/\/hannesriedeins.sommercamp.berlin\/wp-content\/uploads\/2026\/07\/signal-2026-07-17-12-26-26-687_015.jpg\" alt=\"\" width=\"600\" height=\"800\" srcset=\"https:\/\/hannesriedeins.sommercamp.berlin\/wp-content\/uploads\/2026\/07\/signal-2026-07-17-12-26-26-687_015.jpg 600w, https:\/\/hannesriedeins.sommercamp.berlin\/wp-content\/uploads\/2026\/07\/signal-2026-07-17-12-26-26-687_015-225x300.jpg 225w\" sizes=\"auto, (max-width: 600px) 100vw, 600px\" \/> <img loading=\"lazy\" decoding=\"async\" class=\"alignnone size-full wp-image-2864\" src=\"https:\/\/hannesriedeins.sommercamp.berlin\/wp-content\/uploads\/2026\/07\/signal-2026-07-17-12-26-26-687_017.jpg\" alt=\"\" width=\"600\" height=\"800\" srcset=\"https:\/\/hannesriedeins.sommercamp.berlin\/wp-content\/uploads\/2026\/07\/signal-2026-07-17-12-26-26-687_017.jpg 600w, https:\/\/hannesriedeins.sommercamp.berlin\/wp-content\/uploads\/2026\/07\/signal-2026-07-17-12-26-26-687_017-225x300.jpg 225w\" sizes=\"auto, (max-width: 600px) 100vw, 600px\" \/> <img loading=\"lazy\" decoding=\"async\" class=\"alignnone size-full wp-image-2865\" src=\"https:\/\/hannesriedeins.sommercamp.berlin\/wp-content\/uploads\/2026\/07\/signal-2026-07-17-12-26-26-687_018.jpg\" alt=\"\" width=\"600\" height=\"800\" srcset=\"https:\/\/hannesriedeins.sommercamp.berlin\/wp-content\/uploads\/2026\/07\/signal-2026-07-17-12-26-26-687_018.jpg 600w, https:\/\/hannesriedeins.sommercamp.berlin\/wp-content\/uploads\/2026\/07\/signal-2026-07-17-12-26-26-687_018-225x300.jpg 225w\" sizes=\"auto, (max-width: 600px) 100vw, 600px\" \/> <img loading=\"lazy\" decoding=\"async\" class=\"alignnone size-full wp-image-2866\" src=\"https:\/\/hannesriedeins.sommercamp.berlin\/wp-content\/uploads\/2026\/07\/signal-2026-07-17-12-26-26-687_019.jpg\" alt=\"\" width=\"600\" height=\"800\" srcset=\"https:\/\/hannesriedeins.sommercamp.berlin\/wp-content\/uploads\/2026\/07\/signal-2026-07-17-12-26-26-687_019.jpg 600w, https:\/\/hannesriedeins.sommercamp.berlin\/wp-content\/uploads\/2026\/07\/signal-2026-07-17-12-26-26-687_019-225x300.jpg 225w\" sizes=\"auto, (max-width: 600px) 100vw, 600px\" \/> <img loading=\"lazy\" decoding=\"async\" class=\"alignnone size-full wp-image-2867\" src=\"https:\/\/hannesriedeins.sommercamp.berlin\/wp-content\/uploads\/2026\/07\/signal-2026-07-17-12-26-26-687_020.jpg\" alt=\"\" width=\"600\" height=\"800\" srcset=\"https:\/\/hannesriedeins.sommercamp.berlin\/wp-content\/uploads\/2026\/07\/signal-2026-07-17-12-26-26-687_020.jpg 600w, https:\/\/hannesriedeins.sommercamp.berlin\/wp-content\/uploads\/2026\/07\/signal-2026-07-17-12-26-26-687_020-225x300.jpg 225w\" sizes=\"auto, (max-width: 600px) 100vw, 600px\" \/> <img loading=\"lazy\" decoding=\"async\" class=\"alignnone size-full wp-image-2868\" src=\"https:\/\/hannesriedeins.sommercamp.berlin\/wp-content\/uploads\/2026\/07\/WhatsApp-Image-2026-07-17-at-12.16.29.jpg\" alt=\"\" width=\"600\" height=\"1067\" srcset=\"https:\/\/hannesriedeins.sommercamp.berlin\/wp-content\/uploads\/2026\/07\/WhatsApp-Image-2026-07-17-at-12.16.29.jpg 600w, https:\/\/hannesriedeins.sommercamp.berlin\/wp-content\/uploads\/2026\/07\/WhatsApp-Image-2026-07-17-at-12.16.29-169x300.jpg 169w, https:\/\/hannesriedeins.sommercamp.berlin\/wp-content\/uploads\/2026\/07\/WhatsApp-Image-2026-07-17-at-12.16.29-576x1024.jpg 576w\" sizes=\"auto, (max-width: 600px) 100vw, 600px\" \/> <img loading=\"lazy\" decoding=\"async\" class=\"alignnone size-full wp-image-2869\" src=\"https:\/\/hannesriedeins.sommercamp.berlin\/wp-content\/uploads\/2026\/07\/WhatsApp-Image-2026-07-17-at-12.16.43.jpg\" alt=\"\" width=\"600\" height=\"1067\" srcset=\"https:\/\/hannesriedeins.sommercamp.berlin\/wp-content\/uploads\/2026\/07\/WhatsApp-Image-2026-07-17-at-12.16.43.jpg 600w, https:\/\/hannesriedeins.sommercamp.berlin\/wp-content\/uploads\/2026\/07\/WhatsApp-Image-2026-07-17-at-12.16.43-169x300.jpg 169w, https:\/\/hannesriedeins.sommercamp.berlin\/wp-content\/uploads\/2026\/07\/WhatsApp-Image-2026-07-17-at-12.16.43-576x1024.jpg 576w\" sizes=\"auto, (max-width: 600px) 100vw, 600px\" \/> <img loading=\"lazy\" decoding=\"async\" class=\"alignnone size-full wp-image-2870\" src=\"https:\/\/hannesriedeins.sommercamp.berlin\/wp-content\/uploads\/2026\/07\/WhatsApp-Image-2026-07-17-at-12.16.52.jpg\" alt=\"\" width=\"600\" height=\"1067\" srcset=\"https:\/\/hannesriedeins.sommercamp.berlin\/wp-content\/uploads\/2026\/07\/WhatsApp-Image-2026-07-17-at-12.16.52.jpg 600w, https:\/\/hannesriedeins.sommercamp.berlin\/wp-content\/uploads\/2026\/07\/WhatsApp-Image-2026-07-17-at-12.16.52-169x300.jpg 169w, https:\/\/hannesriedeins.sommercamp.berlin\/wp-content\/uploads\/2026\/07\/WhatsApp-Image-2026-07-17-at-12.16.52-576x1024.jpg 576w\" sizes=\"auto, (max-width: 600px) 100vw, 600px\" \/> <img loading=\"lazy\" decoding=\"async\" class=\"alignnone size-full wp-image-2871\" src=\"https:\/\/hannesriedeins.sommercamp.berlin\/wp-content\/uploads\/2026\/07\/WhatsApp-Image-2026-07-17-at-12.16.54-2-rotated.jpg\" alt=\"\" width=\"1067\" height=\"600\" srcset=\"https:\/\/hannesriedeins.sommercamp.berlin\/wp-content\/uploads\/2026\/07\/WhatsApp-Image-2026-07-17-at-12.16.54-2-rotated.jpg 1067w, https:\/\/hannesriedeins.sommercamp.berlin\/wp-content\/uploads\/2026\/07\/WhatsApp-Image-2026-07-17-at-12.16.54-2-300x169.jpg 300w, https:\/\/hannesriedeins.sommercamp.berlin\/wp-content\/uploads\/2026\/07\/WhatsApp-Image-2026-07-17-at-12.16.54-2-1024x576.jpg 1024w, https:\/\/hannesriedeins.sommercamp.berlin\/wp-content\/uploads\/2026\/07\/WhatsApp-Image-2026-07-17-at-12.16.54-2-768x432.jpg 768w\" sizes=\"auto, (max-width: 767px) 89vw, (max-width: 1000px) 54vw, (max-width: 1071px) 543px, 580px\" \/> <img loading=\"lazy\" decoding=\"async\" class=\"alignnone size-full wp-image-2873\" src=\"https:\/\/hannesriedeins.sommercamp.berlin\/wp-content\/uploads\/2026\/07\/WhatsApp-Image-2026-07-17-at-12.16.54-4.jpg\" alt=\"\" width=\"600\" height=\"1067\" srcset=\"https:\/\/hannesriedeins.sommercamp.berlin\/wp-content\/uploads\/2026\/07\/WhatsApp-Image-2026-07-17-at-12.16.54-4.jpg 600w, https:\/\/hannesriedeins.sommercamp.berlin\/wp-content\/uploads\/2026\/07\/WhatsApp-Image-2026-07-17-at-12.16.54-4-169x300.jpg 169w, https:\/\/hannesriedeins.sommercamp.berlin\/wp-content\/uploads\/2026\/07\/WhatsApp-Image-2026-07-17-at-12.16.54-4-576x1024.jpg 576w\" sizes=\"auto, (max-width: 600px) 100vw, 600px\" \/> <img loading=\"lazy\" decoding=\"async\" class=\"alignnone size-full wp-image-2874\" src=\"https:\/\/hannesriedeins.sommercamp.berlin\/wp-content\/uploads\/2026\/07\/WhatsApp-Image-2026-07-17-at-12.16.54-5.jpg\" alt=\"\" width=\"600\" height=\"800\" srcset=\"https:\/\/hannesriedeins.sommercamp.berlin\/wp-content\/uploads\/2026\/07\/WhatsApp-Image-2026-07-17-at-12.16.54-5.jpg 600w, https:\/\/hannesriedeins.sommercamp.berlin\/wp-content\/uploads\/2026\/07\/WhatsApp-Image-2026-07-17-at-12.16.54-5-225x300.jpg 225w\" sizes=\"auto, (max-width: 600px) 100vw, 600px\" \/> <img loading=\"lazy\" decoding=\"async\" class=\"alignnone size-full wp-image-2875\" src=\"https:\/\/hannesriedeins.sommercamp.berlin\/wp-content\/uploads\/2026\/07\/WhatsApp-Image-2026-07-17-at-12.16.54.jpg\" alt=\"\" width=\"600\" height=\"1067\" srcset=\"https:\/\/hannesriedeins.sommercamp.berlin\/wp-content\/uploads\/2026\/07\/WhatsApp-Image-2026-07-17-at-12.16.54.jpg 600w, https:\/\/hannesriedeins.sommercamp.berlin\/wp-content\/uploads\/2026\/07\/WhatsApp-Image-2026-07-17-at-12.16.54-169x300.jpg 169w, https:\/\/hannesriedeins.sommercamp.berlin\/wp-content\/uploads\/2026\/07\/WhatsApp-Image-2026-07-17-at-12.16.54-576x1024.jpg 576w\" sizes=\"auto, (max-width: 600px) 100vw, 600px\" \/> <img loading=\"lazy\" decoding=\"async\" class=\"alignnone size-full wp-image-2876\" src=\"https:\/\/hannesriedeins.sommercamp.berlin\/wp-content\/uploads\/2026\/07\/WhatsApp-Image-2026-07-17-at-12.16.55-1.jpg\" alt=\"\" width=\"600\" height=\"800\" srcset=\"https:\/\/hannesriedeins.sommercamp.berlin\/wp-content\/uploads\/2026\/07\/WhatsApp-Image-2026-07-17-at-12.16.55-1.jpg 600w, https:\/\/hannesriedeins.sommercamp.berlin\/wp-content\/uploads\/2026\/07\/WhatsApp-Image-2026-07-17-at-12.16.55-1-225x300.jpg 225w\" sizes=\"auto, (max-width: 600px) 100vw, 600px\" \/> <img loading=\"lazy\" decoding=\"async\" class=\"alignnone size-full wp-image-2877\" src=\"https:\/\/hannesriedeins.sommercamp.berlin\/wp-content\/uploads\/2026\/07\/WhatsApp-Image-2026-07-17-at-12.16.57-1.jpg\" alt=\"\" width=\"600\" height=\"800\" srcset=\"https:\/\/hannesriedeins.sommercamp.berlin\/wp-content\/uploads\/2026\/07\/WhatsApp-Image-2026-07-17-at-12.16.57-1.jpg 600w, https:\/\/hannesriedeins.sommercamp.berlin\/wp-content\/uploads\/2026\/07\/WhatsApp-Image-2026-07-17-at-12.16.57-1-225x300.jpg 225w\" sizes=\"auto, (max-width: 600px) 100vw, 600px\" \/> <img loading=\"lazy\" decoding=\"async\" class=\"alignnone size-full wp-image-2878\" src=\"https:\/\/hannesriedeins.sommercamp.berlin\/wp-content\/uploads\/2026\/07\/WhatsApp-Image-2026-07-17-at-12.16.57.jpg\" alt=\"\" width=\"600\" height=\"800\" srcset=\"https:\/\/hannesriedeins.sommercamp.berlin\/wp-content\/uploads\/2026\/07\/WhatsApp-Image-2026-07-17-at-12.16.57.jpg 600w, https:\/\/hannesriedeins.sommercamp.berlin\/wp-content\/uploads\/2026\/07\/WhatsApp-Image-2026-07-17-at-12.16.57-225x300.jpg 225w\" sizes=\"auto, (max-width: 600px) 100vw, 600px\" \/> <img loading=\"lazy\" decoding=\"async\" class=\"alignnone size-full wp-image-2879\" src=\"https:\/\/hannesriedeins.sommercamp.berlin\/wp-content\/uploads\/2026\/07\/WhatsApp-Image-2026-07-17-at-12.16.58-1.jpg\" alt=\"\" width=\"600\" height=\"800\" srcset=\"https:\/\/hannesriedeins.sommercamp.berlin\/wp-content\/uploads\/2026\/07\/WhatsApp-Image-2026-07-17-at-12.16.58-1.jpg 600w, https:\/\/hannesriedeins.sommercamp.berlin\/wp-content\/uploads\/2026\/07\/WhatsApp-Image-2026-07-17-at-12.16.58-1-225x300.jpg 225w\" sizes=\"auto, (max-width: 600px) 100vw, 600px\" \/> <img loading=\"lazy\" decoding=\"async\" class=\"alignnone size-full wp-image-2880\" src=\"https:\/\/hannesriedeins.sommercamp.berlin\/wp-content\/uploads\/2026\/07\/WhatsApp-Image-2026-07-17-at-12.16.58-2.jpg\" alt=\"\" width=\"600\" height=\"800\" srcset=\"https:\/\/hannesriedeins.sommercamp.berlin\/wp-content\/uploads\/2026\/07\/WhatsApp-Image-2026-07-17-at-12.16.58-2.jpg 600w, https:\/\/hannesriedeins.sommercamp.berlin\/wp-content\/uploads\/2026\/07\/WhatsApp-Image-2026-07-17-at-12.16.58-2-225x300.jpg 225w\" sizes=\"auto, (max-width: 600px) 100vw, 600px\" \/> <img loading=\"lazy\" decoding=\"async\" class=\"alignnone size-full wp-image-2881\" src=\"https:\/\/hannesriedeins.sommercamp.berlin\/wp-content\/uploads\/2026\/07\/WhatsApp-Image-2026-07-17-at-12.16.58-3.jpg\" alt=\"\" width=\"600\" height=\"800\" srcset=\"https:\/\/hannesriedeins.sommercamp.berlin\/wp-content\/uploads\/2026\/07\/WhatsApp-Image-2026-07-17-at-12.16.58-3.jpg 600w, https:\/\/hannesriedeins.sommercamp.berlin\/wp-content\/uploads\/2026\/07\/WhatsApp-Image-2026-07-17-at-12.16.58-3-225x300.jpg 225w\" sizes=\"auto, (max-width: 600px) 100vw, 600px\" \/> <img loading=\"lazy\" decoding=\"async\" class=\"alignnone size-full wp-image-2882\" src=\"https:\/\/hannesriedeins.sommercamp.berlin\/wp-content\/uploads\/2026\/07\/WhatsApp-Image-2026-07-17-at-12.16.58-4.jpg\" alt=\"\" width=\"600\" height=\"800\" srcset=\"https:\/\/hannesriedeins.sommercamp.berlin\/wp-content\/uploads\/2026\/07\/WhatsApp-Image-2026-07-17-at-12.16.58-4.jpg 600w, https:\/\/hannesriedeins.sommercamp.berlin\/wp-content\/uploads\/2026\/07\/WhatsApp-Image-2026-07-17-at-12.16.58-4-225x300.jpg 225w\" sizes=\"auto, (max-width: 600px) 100vw, 600px\" \/> <img loading=\"lazy\" decoding=\"async\" class=\"alignnone size-full wp-image-2883\" src=\"https:\/\/hannesriedeins.sommercamp.berlin\/wp-content\/uploads\/2026\/07\/WhatsApp-Image-2026-07-17-at-12.16.58-5.jpg\" alt=\"\" width=\"600\" height=\"800\" srcset=\"https:\/\/hannesriedeins.sommercamp.berlin\/wp-content\/uploads\/2026\/07\/WhatsApp-Image-2026-07-17-at-12.16.58-5.jpg 600w, https:\/\/hannesriedeins.sommercamp.berlin\/wp-content\/uploads\/2026\/07\/WhatsApp-Image-2026-07-17-at-12.16.58-5-225x300.jpg 225w\" sizes=\"auto, (max-width: 600px) 100vw, 600px\" \/> <img loading=\"lazy\" decoding=\"async\" class=\"alignnone size-full wp-image-2884\" src=\"https:\/\/hannesriedeins.sommercamp.berlin\/wp-content\/uploads\/2026\/07\/WhatsApp-Image-2026-07-17-at-12.16.58-6.jpg\" alt=\"\" width=\"600\" height=\"800\" srcset=\"https:\/\/hannesriedeins.sommercamp.berlin\/wp-content\/uploads\/2026\/07\/WhatsApp-Image-2026-07-17-at-12.16.58-6.jpg 600w, https:\/\/hannesriedeins.sommercamp.berlin\/wp-content\/uploads\/2026\/07\/WhatsApp-Image-2026-07-17-at-12.16.58-6-225x300.jpg 225w\" sizes=\"auto, (max-width: 600px) 100vw, 600px\" \/> <img loading=\"lazy\" decoding=\"async\" class=\"alignnone size-full wp-image-2885\" src=\"https:\/\/hannesriedeins.sommercamp.berlin\/wp-content\/uploads\/2026\/07\/WhatsApp-Image-2026-07-17-at-12.16.59-1.jpg\" alt=\"\" width=\"600\" height=\"800\" srcset=\"https:\/\/hannesriedeins.sommercamp.berlin\/wp-content\/uploads\/2026\/07\/WhatsApp-Image-2026-07-17-at-12.16.59-1.jpg 600w, https:\/\/hannesriedeins.sommercamp.berlin\/wp-content\/uploads\/2026\/07\/WhatsApp-Image-2026-07-17-at-12.16.59-1-225x300.jpg 225w\" sizes=\"auto, (max-width: 600px) 100vw, 600px\" \/> <img loading=\"lazy\" decoding=\"async\" class=\"alignnone size-full wp-image-2886\" src=\"https:\/\/hannesriedeins.sommercamp.berlin\/wp-content\/uploads\/2026\/07\/WhatsApp-Image-2026-07-17-at-12.16.59-2.jpg\" alt=\"\" width=\"600\" height=\"800\" srcset=\"https:\/\/hannesriedeins.sommercamp.berlin\/wp-content\/uploads\/2026\/07\/WhatsApp-Image-2026-07-17-at-12.16.59-2.jpg 600w, https:\/\/hannesriedeins.sommercamp.berlin\/wp-content\/uploads\/2026\/07\/WhatsApp-Image-2026-07-17-at-12.16.59-2-225x300.jpg 225w\" sizes=\"auto, (max-width: 600px) 100vw, 600px\" \/> <img loading=\"lazy\" decoding=\"async\" class=\"alignnone size-full wp-image-2887\" src=\"https:\/\/hannesriedeins.sommercamp.berlin\/wp-content\/uploads\/2026\/07\/WhatsApp-Image-2026-07-17-at-12.16.59-3.jpg\" alt=\"\" width=\"600\" height=\"800\" srcset=\"https:\/\/hannesriedeins.sommercamp.berlin\/wp-content\/uploads\/2026\/07\/WhatsApp-Image-2026-07-17-at-12.16.59-3.jpg 600w, https:\/\/hannesriedeins.sommercamp.berlin\/wp-content\/uploads\/2026\/07\/WhatsApp-Image-2026-07-17-at-12.16.59-3-225x300.jpg 225w\" sizes=\"auto, (max-width: 600px) 100vw, 600px\" \/> <img loading=\"lazy\" decoding=\"async\" class=\"alignnone size-full wp-image-2888\" src=\"https:\/\/hannesriedeins.sommercamp.berlin\/wp-content\/uploads\/2026\/07\/WhatsApp-Image-2026-07-17-at-12.16.59.jpg\" alt=\"\" width=\"600\" height=\"800\" srcset=\"https:\/\/hannesriedeins.sommercamp.berlin\/wp-content\/uploads\/2026\/07\/WhatsApp-Image-2026-07-17-at-12.16.59.jpg 600w, https:\/\/hannesriedeins.sommercamp.berlin\/wp-content\/uploads\/2026\/07\/WhatsApp-Image-2026-07-17-at-12.16.59-225x300.jpg 225w\" sizes=\"auto, (max-width: 600px) 100vw, 600px\" \/> <img loading=\"lazy\" decoding=\"async\" class=\"alignnone size-full wp-image-2889\" src=\"https:\/\/hannesriedeins.sommercamp.berlin\/wp-content\/uploads\/2026\/07\/signal-2026-07-17-12-26-26-687.jpg\" alt=\"\" width=\"600\" height=\"800\" srcset=\"https:\/\/hannesriedeins.sommercamp.berlin\/wp-content\/uploads\/2026\/07\/signal-2026-07-17-12-26-26-687.jpg 600w, https:\/\/hannesriedeins.sommercamp.berlin\/wp-content\/uploads\/2026\/07\/signal-2026-07-17-12-26-26-687-225x300.jpg 225w\" sizes=\"auto, (max-width: 600px) 100vw, 600px\" \/><\/p>\n","protected":false},"excerpt":{"rendered":"<p>Tagesausflug in den Bayernpark Heute stand f\u00fcr die Kinder unseres Sommercamps ein ganz besonderer Ausflug auf dem Programm. Bereits um 07:00 Uhr hie\u00df es: Aufstehen und fertig machen! Nach einem gemeinsamen Fr\u00fchst\u00fcck ging es voller Vorfreude in den Bayernpark. Dort verbrachten die Kinder einen erlebnisreichen Tag mit viel Spa\u00df, Bewegung und gemeinsamen Abenteuern. Ob beim &hellip; <\/p>\n<p class=\"link-more\"><a href=\"https:\/\/hannesriedeins.sommercamp.berlin\/?p=2848\" class=\"more-link\"><span class=\"screen-reader-text\">\u201eDer BayernPark\u201c <\/span>weiterlesen<\/a><\/p>\n","protected":false},"author":4,"featured_media":0,"comment_status":"open","ping_status":"closed","sticky":false,"template":"","format":"standard","meta":{"footnotes":""},"categories":[1],"tags":[],"class_list":["post-2848","post","type-post","status-publish","format-standard","hentry","category-uncategorized"],"yoast_head":"<!-- This site is optimized with the Yoast SEO plugin v28.0 - https:\/\/yoast.com\/product\/yoast-seo-wordpress\/ -->\n<title>Der BayernPark - Sommercamp Hannesried I<\/title>\n<meta name=\"robots\" content=\"noindex, follow, max-snippet:-1, max-image-preview:large, max-video-preview:-1\" \/>\n<meta property=\"og:locale\" content=\"de_DE\" \/>\n<meta property=\"og:type\" content=\"article\" \/>\n<meta property=\"og:title\" content=\"Der BayernPark - Sommercamp Hannesried I\" \/>\n<meta property=\"og:description\" content=\"Tagesausflug in den Bayernpark Heute stand f\u00fcr die Kinder unseres Sommercamps ein ganz besonderer Ausflug auf dem Programm. Bereits um 07:00 Uhr hie\u00df es: Aufstehen und fertig machen! Nach einem gemeinsamen Fr\u00fchst\u00fcck ging es voller Vorfreude in den Bayernpark. Dort verbrachten die Kinder einen erlebnisreichen Tag mit viel Spa\u00df, Bewegung und gemeinsamen Abenteuern. Ob beim &hellip; \u201eDer BayernPark\u201c weiterlesen\" \/>\n<meta property=\"og:url\" content=\"https:\/\/hannesriedeins.sommercamp.berlin\/?p=2848\" \/>\n<meta property=\"og:site_name\" content=\"Sommercamp Hannesried I\" \/>\n<meta property=\"article:published_time\" content=\"2026-07-16T13:03:48+00:00\" \/>\n<meta property=\"article:modified_time\" content=\"2026-07-17T13:30:31+00:00\" \/>\n<meta property=\"og:image\" content=\"https:\/\/hannesriedeins.sommercamp.berlin\/wp-content\/uploads\/2026\/07\/signal-2026-07-17-12-26-26-687_002.jpg\" \/>\n\t<meta property=\"og:image:width\" content=\"600\" \/>\n\t<meta property=\"og:image:height\" content=\"649\" \/>\n\t<meta property=\"og:image:type\" content=\"image\/jpeg\" \/>\n<meta name=\"author\" content=\"han1\" \/>\n<meta name=\"twitter:card\" content=\"summary_large_image\" \/>\n<meta name=\"twitter:label1\" content=\"Verfasst von\" \/>\n\t<meta name=\"twitter:data1\" content=\"han1\" \/>\n\t<meta name=\"twitter:label2\" content=\"Gesch\u00e4tzte Lesezeit\" \/>\n\t<meta name=\"twitter:data2\" content=\"9\u00a0Minuten\" \/>\n<script type=\"application\/ld+json\" class=\"yoast-schema-graph\">{\"@context\":\"https:\\\/\\\/schema.org\",\"@graph\":[{\"@type\":\"Article\",\"@id\":\"https:\\\/\\\/hannesriedeins.sommercamp.berlin\\\/?p=2848#article\",\"isPartOf\":{\"@id\":\"https:\\\/\\\/hannesriedeins.sommercamp.berlin\\\/?p=2848\"},\"author\":{\"name\":\"han1\",\"@id\":\"https:\\\/\\\/hannesriedeins.sommercamp.berlin\\\/#\\\/schema\\\/person\\\/a13978800521ce525648ff1baba73c05\"},\"headline\":\"Der BayernPark\",\"datePublished\":\"2026-07-16T13:03:48+00:00\",\"dateModified\":\"2026-07-17T13:30:31+00:00\",\"mainEntityOfPage\":{\"@id\":\"https:\\\/\\\/hannesriedeins.sommercamp.berlin\\\/?p=2848\"},\"wordCount\":116,\"commentCount\":0,\"image\":{\"@id\":\"https:\\\/\\\/hannesriedeins.sommercamp.berlin\\\/?p=2848#primaryimage\"},\"thumbnailUrl\":\"https:\\\/\\\/hannesriedeins.sommercamp.berlin\\\/wp-content\\\/uploads\\\/2026\\\/07\\\/signal-2026-07-17-12-26-26-687_002.jpg\",\"articleSection\":[\"Uncategorized\"],\"inLanguage\":\"de\",\"potentialAction\":[{\"@type\":\"CommentAction\",\"name\":\"Comment\",\"target\":[\"https:\\\/\\\/hannesriedeins.sommercamp.berlin\\\/?p=2848#respond\"]}]},{\"@type\":\"WebPage\",\"@id\":\"https:\\\/\\\/hannesriedeins.sommercamp.berlin\\\/?p=2848\",\"url\":\"https:\\\/\\\/hannesriedeins.sommercamp.berlin\\\/?p=2848\",\"name\":\"Der BayernPark - Sommercamp Hannesried I\",\"isPartOf\":{\"@id\":\"https:\\\/\\\/hannesriedeins.sommercamp.berlin\\\/#website\"},\"primaryImageOfPage\":{\"@id\":\"https:\\\/\\\/hannesriedeins.sommercamp.berlin\\\/?p=2848#primaryimage\"},\"image\":{\"@id\":\"https:\\\/\\\/hannesriedeins.sommercamp.berlin\\\/?p=2848#primaryimage\"},\"thumbnailUrl\":\"https:\\\/\\\/hannesriedeins.sommercamp.berlin\\\/wp-content\\\/uploads\\\/2026\\\/07\\\/signal-2026-07-17-12-26-26-687_002.jpg\",\"datePublished\":\"2026-07-16T13:03:48+00:00\",\"dateModified\":\"2026-07-17T13:30:31+00:00\",\"author\":{\"@id\":\"https:\\\/\\\/hannesriedeins.sommercamp.berlin\\\/#\\\/schema\\\/person\\\/a13978800521ce525648ff1baba73c05\"},\"breadcrumb\":{\"@id\":\"https:\\\/\\\/hannesriedeins.sommercamp.berlin\\\/?p=2848#breadcrumb\"},\"inLanguage\":\"de\",\"potentialAction\":[{\"@type\":\"ReadAction\",\"target\":[\"https:\\\/\\\/hannesriedeins.sommercamp.berlin\\\/?p=2848\"]}]},{\"@type\":\"ImageObject\",\"inLanguage\":\"de\",\"@id\":\"https:\\\/\\\/hannesriedeins.sommercamp.berlin\\\/?p=2848#primaryimage\",\"url\":\"https:\\\/\\\/hannesriedeins.sommercamp.berlin\\\/wp-content\\\/uploads\\\/2026\\\/07\\\/signal-2026-07-17-12-26-26-687_002.jpg\",\"contentUrl\":\"https:\\\/\\\/hannesriedeins.sommercamp.berlin\\\/wp-content\\\/uploads\\\/2026\\\/07\\\/signal-2026-07-17-12-26-26-687_002.jpg\",\"width\":600,\"height\":649},{\"@type\":\"BreadcrumbList\",\"@id\":\"https:\\\/\\\/hannesriedeins.sommercamp.berlin\\\/?p=2848#breadcrumb\",\"itemListElement\":[{\"@type\":\"ListItem\",\"position\":1,\"name\":\"Startseite\",\"item\":\"https:\\\/\\\/hannesriedeins.sommercamp.berlin\\\/\"},{\"@type\":\"ListItem\",\"position\":2,\"name\":\"Der BayernPark\"}]},{\"@type\":\"WebSite\",\"@id\":\"https:\\\/\\\/hannesriedeins.sommercamp.berlin\\\/#website\",\"url\":\"https:\\\/\\\/hannesriedeins.sommercamp.berlin\\\/\",\"name\":\"Sommercamp Hannesried I\",\"description\":\"11.07.-31.07.2026\",\"potentialAction\":[{\"@type\":\"SearchAction\",\"target\":{\"@type\":\"EntryPoint\",\"urlTemplate\":\"https:\\\/\\\/hannesriedeins.sommercamp.berlin\\\/?s={search_term_string}\"},\"query-input\":{\"@type\":\"PropertyValueSpecification\",\"valueRequired\":true,\"valueName\":\"search_term_string\"}}],\"inLanguage\":\"de\"},{\"@type\":\"Person\",\"@id\":\"https:\\\/\\\/hannesriedeins.sommercamp.berlin\\\/#\\\/schema\\\/person\\\/a13978800521ce525648ff1baba73c05\",\"name\":\"han1\",\"image\":{\"@type\":\"ImageObject\",\"inLanguage\":\"de\",\"@id\":\"https:\\\/\\\/secure.gravatar.com\\\/avatar\\\/237162ef45888cd7beaaaff5a466d9d08f5480c7b40d53915fa7f52f8f1bcb6f?s=96&d=mm&r=g\",\"url\":\"https:\\\/\\\/secure.gravatar.com\\\/avatar\\\/237162ef45888cd7beaaaff5a466d9d08f5480c7b40d53915fa7f52f8f1bcb6f?s=96&d=mm&r=g\",\"contentUrl\":\"https:\\\/\\\/secure.gravatar.com\\\/avatar\\\/237162ef45888cd7beaaaff5a466d9d08f5480c7b40d53915fa7f52f8f1bcb6f?s=96&d=mm&r=g\",\"caption\":\"han1\"},\"url\":\"https:\\\/\\\/hannesriedeins.sommercamp.berlin\\\/?author=4\"}]}<\/script>\n<!-- \/ Yoast SEO plugin. -->","yoast_head_json":{"title":"Der BayernPark - Sommercamp Hannesried I","robots":{"index":"noindex","follow":"follow","max-snippet":"max-snippet:-1","max-image-preview":"max-image-preview:large","max-video-preview":"max-video-preview:-1"},"og_locale":"de_DE","og_type":"article","og_title":"Der BayernPark - Sommercamp Hannesried I","og_description":"Tagesausflug in den Bayernpark Heute stand f\u00fcr die Kinder unseres Sommercamps ein ganz besonderer Ausflug auf dem Programm. Bereits um 07:00 Uhr hie\u00df es: Aufstehen und fertig machen! Nach einem gemeinsamen Fr\u00fchst\u00fcck ging es voller Vorfreude in den Bayernpark. Dort verbrachten die Kinder einen erlebnisreichen Tag mit viel Spa\u00df, Bewegung und gemeinsamen Abenteuern. Ob beim &hellip; \u201eDer BayernPark\u201c weiterlesen","og_url":"https:\/\/hannesriedeins.sommercamp.berlin\/?p=2848","og_site_name":"Sommercamp Hannesried I","article_published_time":"2026-07-16T13:03:48+00:00","article_modified_time":"2026-07-17T13:30:31+00:00","og_image":[{"width":600,"height":649,"url":"https:\/\/hannesriedeins.sommercamp.berlin\/wp-content\/uploads\/2026\/07\/signal-2026-07-17-12-26-26-687_002.jpg","type":"image\/jpeg"}],"author":"han1","twitter_card":"summary_large_image","twitter_misc":{"Verfasst von":"han1","Gesch\u00e4tzte Lesezeit":"9\u00a0Minuten"},"schema":{"@context":"https:\/\/schema.org","@graph":[{"@type":"Article","@id":"https:\/\/hannesriedeins.sommercamp.berlin\/?p=2848#article","isPartOf":{"@id":"https:\/\/hannesriedeins.sommercamp.berlin\/?p=2848"},"author":{"name":"han1","@id":"https:\/\/hannesriedeins.sommercamp.berlin\/#\/schema\/person\/a13978800521ce525648ff1baba73c05"},"headline":"Der BayernPark","datePublished":"2026-07-16T13:03:48+00:00","dateModified":"2026-07-17T13:30:31+00:00","mainEntityOfPage":{"@id":"https:\/\/hannesriedeins.sommercamp.berlin\/?p=2848"},"wordCount":116,"commentCount":0,"image":{"@id":"https:\/\/hannesriedeins.sommercamp.berlin\/?p=2848#primaryimage"},"thumbnailUrl":"https:\/\/hannesriedeins.sommercamp.berlin\/wp-content\/uploads\/2026\/07\/signal-2026-07-17-12-26-26-687_002.jpg","articleSection":["Uncategorized"],"inLanguage":"de","potentialAction":[{"@type":"CommentAction","name":"Comment","target":["https:\/\/hannesriedeins.sommercamp.berlin\/?p=2848#respond"]}]},{"@type":"WebPage","@id":"https:\/\/hannesriedeins.sommercamp.berlin\/?p=2848","url":"https:\/\/hannesriedeins.sommercamp.berlin\/?p=2848","name":"Der BayernPark - Sommercamp Hannesried I","isPartOf":{"@id":"https:\/\/hannesriedeins.sommercamp.berlin\/#website"},"primaryImageOfPage":{"@id":"https:\/\/hannesriedeins.sommercamp.berlin\/?p=2848#primaryimage"},"image":{"@id":"https:\/\/hannesriedeins.sommercamp.berlin\/?p=2848#primaryimage"},"thumbnailUrl":"https:\/\/hannesriedeins.sommercamp.berlin\/wp-content\/uploads\/2026\/07\/signal-2026-07-17-12-26-26-687_002.jpg","datePublished":"2026-07-16T13:03:48+00:00","dateModified":"2026-07-17T13:30:31+00:00","author":{"@id":"https:\/\/hannesriedeins.sommercamp.berlin\/#\/schema\/person\/a13978800521ce525648ff1baba73c05"},"breadcrumb":{"@id":"https:\/\/hannesriedeins.sommercamp.berlin\/?p=2848#breadcrumb"},"inLanguage":"de","potentialAction":[{"@type":"ReadAction","target":["https:\/\/hannesriedeins.sommercamp.berlin\/?p=2848"]}]},{"@type":"ImageObject","inLanguage":"de","@id":"https:\/\/hannesriedeins.sommercamp.berlin\/?p=2848#primaryimage","url":"https:\/\/hannesriedeins.sommercamp.berlin\/wp-content\/uploads\/2026\/07\/signal-2026-07-17-12-26-26-687_002.jpg","contentUrl":"https:\/\/hannesriedeins.sommercamp.berlin\/wp-content\/uploads\/2026\/07\/signal-2026-07-17-12-26-26-687_002.jpg","width":600,"height":649},{"@type":"BreadcrumbList","@id":"https:\/\/hannesriedeins.sommercamp.berlin\/?p=2848#breadcrumb","itemListElement":[{"@type":"ListItem","position":1,"name":"Startseite","item":"https:\/\/hannesriedeins.sommercamp.berlin\/"},{"@type":"ListItem","position":2,"name":"Der BayernPark"}]},{"@type":"WebSite","@id":"https:\/\/hannesriedeins.sommercamp.berlin\/#website","url":"https:\/\/hannesriedeins.sommercamp.berlin\/","name":"Sommercamp Hannesried I","description":"11.07.-31.07.2026","potentialAction":[{"@type":"SearchAction","target":{"@type":"EntryPoint","urlTemplate":"https:\/\/hannesriedeins.sommercamp.berlin\/?s={search_term_string}"},"query-input":{"@type":"PropertyValueSpecification","valueRequired":true,"valueName":"search_term_string"}}],"inLanguage":"de"},{"@type":"Person","@id":"https:\/\/hannesriedeins.sommercamp.berlin\/#\/schema\/person\/a13978800521ce525648ff1baba73c05","name":"han1","image":{"@type":"ImageObject","inLanguage":"de","@id":"https:\/\/secure.gravatar.com\/avatar\/237162ef45888cd7beaaaff5a466d9d08f5480c7b40d53915fa7f52f8f1bcb6f?s=96&d=mm&r=g","url":"https:\/\/secure.gravatar.com\/avatar\/237162ef45888cd7beaaaff5a466d9d08f5480c7b40d53915fa7f52f8f1bcb6f?s=96&d=mm&r=g","contentUrl":"https:\/\/secure.gravatar.com\/avatar\/237162ef45888cd7beaaaff5a466d9d08f5480c7b40d53915fa7f52f8f1bcb6f?s=96&d=mm&r=g","caption":"han1"},"url":"https:\/\/hannesriedeins.sommercamp.berlin\/?author=4"}]}},"_links":{"self":[{"href":"https:\/\/hannesriedeins.sommercamp.berlin\/index.php?rest_route=\/wp\/v2\/posts\/2848","targetHints":{"allow":["GET"]}}],"collection":[{"href":"https:\/\/hannesriedeins.sommercamp.berlin\/index.php?rest_route=\/wp\/v2\/posts"}],"about":[{"href":"https:\/\/hannesriedeins.sommercamp.berlin\/index.php?rest_route=\/wp\/v2\/types\/post"}],"author":[{"embeddable":true,"href":"https:\/\/hannesriedeins.sommercamp.berlin\/index.php?rest_route=\/wp\/v2\/users\/4"}],"replies":[{"embeddable":true,"href":"https:\/\/hannesriedeins.sommercamp.berlin\/index.php?rest_route=%2Fwp%2Fv2%2Fcomments&post=2848"}],"version-history":[{"count":2,"href":"https:\/\/hannesriedeins.sommercamp.berlin\/index.php?rest_route=\/wp\/v2\/posts\/2848\/revisions"}],"predecessor-version":[{"id":2891,"href":"https:\/\/hannesriedeins.sommercamp.berlin\/index.php?rest_route=\/wp\/v2\/posts\/2848\/revisions\/2891"}],"wp:attachment":[{"href":"https:\/\/hannesriedeins.sommercamp.berlin\/index.php?rest_route=%2Fwp%2Fv2%2Fmedia&parent=2848"}],"wp:term":[{"taxonomy":"category","embeddable":true,"href":"https:\/\/hannesriedeins.sommercamp.berlin\/index.php?rest_route=%2Fwp%2Fv2%2Fcategories&post=2848"},{"taxonomy":"post_tag","embeddable":true,"href":"https:\/\/hannesriedeins.sommercamp.berlin\/index.php?rest_route=%2Fwp%2Fv2%2Ftags&post=2848"}],"curies":[{"name":"wp","href":"https:\/\/api.w.org\/{rel}","templated":true}]}}