{"id":2991,"date":"2026-07-22T10:52:04","date_gmt":"2026-07-22T10:52:04","guid":{"rendered":"https:\/\/hannesriedeins.sommercamp.berlin\/?p=2991"},"modified":"2026-07-24T11:15:54","modified_gmt":"2026-07-24T11:15:54","slug":"harrypotter-tag","status":"publish","type":"post","link":"https:\/\/hannesriedeins.sommercamp.berlin\/?p=2991","title":{"rendered":"HarryPotter-Tag"},"content":{"rendered":"<p>Heute wurde es magisch in unserem Sommercamp! Unter dem Motto <strong>Harry Potter<\/strong> verwandelte sich unser Camp in eine Welt voller Zauberei. Ob mutige Hexen und Zauberer, spannende Spiele, knifflige oder R\u00e4tsel \u00fcberall war der Zauber von Hogwarts zu sp\u00fcren.<\/p>\n<p>Mit viel Teamgeist, Fantasie und jeder Menge Spa\u00df meisterten die Kinder verschiedene Herausforderungen und sammelten dabei unvergessliche Erlebnisse. Nat\u00fcrlich durfte auch das passende Outfit nicht fehlen \u2013 von Zauberh\u00fcten bis hin zu den Farben der verschiedenen H\u00e4user war alles vertreten. Ein rundum gelungener Tag voller Magie.<\/p>\n<p>Einsteigen auf Gleis 9 3\/4<\/p>\n<p><img loading=\"lazy\" decoding=\"async\" class=\"alignnone size-full wp-image-2993\" src=\"https:\/\/hannesriedeins.sommercamp.berlin\/wp-content\/uploads\/2026\/07\/signal-2026-07-23-13-26-00-450_002.jpg\" alt=\"\" width=\"600\" height=\"800\" srcset=\"https:\/\/hannesriedeins.sommercamp.berlin\/wp-content\/uploads\/2026\/07\/signal-2026-07-23-13-26-00-450_002.jpg 600w, https:\/\/hannesriedeins.sommercamp.berlin\/wp-content\/uploads\/2026\/07\/signal-2026-07-23-13-26-00-450_002-225x300.jpg 225w\" sizes=\"auto, (max-width: 600px) 100vw, 600px\" \/><\/p>\n<figure id=\"attachment_2996\" aria-describedby=\"caption-attachment-2996\" style=\"width: 600px\" class=\"wp-caption alignnone\"><img loading=\"lazy\" decoding=\"async\" class=\"wp-image-2996 size-full\" src=\"https:\/\/hannesriedeins.sommercamp.berlin\/wp-content\/uploads\/2026\/07\/signal-2026-07-23-13-26-00-450_005.jpg\" alt=\"\" width=\"600\" height=\"800\" srcset=\"https:\/\/hannesriedeins.sommercamp.berlin\/wp-content\/uploads\/2026\/07\/signal-2026-07-23-13-26-00-450_005.jpg 600w, https:\/\/hannesriedeins.sommercamp.berlin\/wp-content\/uploads\/2026\/07\/signal-2026-07-23-13-26-00-450_005-225x300.jpg 225w\" sizes=\"auto, (max-width: 600px) 100vw, 600px\" \/><figcaption id=\"caption-attachment-2996\" class=\"wp-caption-text\">Die Einteilung in die H\u00e4user beginnt<\/figcaption><\/figure>\n<p><img loading=\"lazy\" decoding=\"async\" class=\"alignnone size-full wp-image-2992\" src=\"https:\/\/hannesriedeins.sommercamp.berlin\/wp-content\/uploads\/2026\/07\/signal-2026-07-23-13-26-00-450.jpg\" alt=\"\" width=\"600\" height=\"800\" srcset=\"https:\/\/hannesriedeins.sommercamp.berlin\/wp-content\/uploads\/2026\/07\/signal-2026-07-23-13-26-00-450.jpg 600w, https:\/\/hannesriedeins.sommercamp.berlin\/wp-content\/uploads\/2026\/07\/signal-2026-07-23-13-26-00-450-225x300.jpg 225w\" sizes=\"auto, (max-width: 600px) 100vw, 600px\" \/><\/p>\n<p><img loading=\"lazy\" decoding=\"async\" class=\"alignnone size-full wp-image-2997\" src=\"https:\/\/hannesriedeins.sommercamp.berlin\/wp-content\/uploads\/2026\/07\/signal-2026-07-23-13-26-00-450_006.jpg\" alt=\"\" width=\"600\" height=\"800\" srcset=\"https:\/\/hannesriedeins.sommercamp.berlin\/wp-content\/uploads\/2026\/07\/signal-2026-07-23-13-26-00-450_006.jpg 600w, https:\/\/hannesriedeins.sommercamp.berlin\/wp-content\/uploads\/2026\/07\/signal-2026-07-23-13-26-00-450_006-225x300.jpg 225w\" sizes=\"auto, (max-width: 600px) 100vw, 600px\" \/> <img loading=\"lazy\" decoding=\"async\" class=\"alignnone size-full wp-image-2998\" src=\"https:\/\/hannesriedeins.sommercamp.berlin\/wp-content\/uploads\/2026\/07\/signal-2026-07-23-13-26-00-450_007.jpg\" alt=\"\" width=\"600\" height=\"800\" srcset=\"https:\/\/hannesriedeins.sommercamp.berlin\/wp-content\/uploads\/2026\/07\/signal-2026-07-23-13-26-00-450_007.jpg 600w, https:\/\/hannesriedeins.sommercamp.berlin\/wp-content\/uploads\/2026\/07\/signal-2026-07-23-13-26-00-450_007-225x300.jpg 225w\" sizes=\"auto, (max-width: 600px) 100vw, 600px\" \/> <img loading=\"lazy\" decoding=\"async\" class=\"alignnone size-full wp-image-2999\" src=\"https:\/\/hannesriedeins.sommercamp.berlin\/wp-content\/uploads\/2026\/07\/signal-2026-07-23-13-26-00-450_008.jpg\" alt=\"\" width=\"600\" height=\"800\" srcset=\"https:\/\/hannesriedeins.sommercamp.berlin\/wp-content\/uploads\/2026\/07\/signal-2026-07-23-13-26-00-450_008.jpg 600w, https:\/\/hannesriedeins.sommercamp.berlin\/wp-content\/uploads\/2026\/07\/signal-2026-07-23-13-26-00-450_008-225x300.jpg 225w\" sizes=\"auto, (max-width: 600px) 100vw, 600px\" \/> <img loading=\"lazy\" decoding=\"async\" class=\"alignnone size-full wp-image-3000\" src=\"https:\/\/hannesriedeins.sommercamp.berlin\/wp-content\/uploads\/2026\/07\/signal-2026-07-23-13-26-00-450_009.jpg\" alt=\"\" width=\"600\" height=\"800\" srcset=\"https:\/\/hannesriedeins.sommercamp.berlin\/wp-content\/uploads\/2026\/07\/signal-2026-07-23-13-26-00-450_009.jpg 600w, https:\/\/hannesriedeins.sommercamp.berlin\/wp-content\/uploads\/2026\/07\/signal-2026-07-23-13-26-00-450_009-225x300.jpg 225w\" sizes=\"auto, (max-width: 600px) 100vw, 600px\" \/> <img loading=\"lazy\" decoding=\"async\" class=\"alignnone size-full wp-image-2995\" src=\"https:\/\/hannesriedeins.sommercamp.berlin\/wp-content\/uploads\/2026\/07\/signal-2026-07-23-13-26-00-450_004.jpg\" alt=\"\" width=\"600\" height=\"800\" srcset=\"https:\/\/hannesriedeins.sommercamp.berlin\/wp-content\/uploads\/2026\/07\/signal-2026-07-23-13-26-00-450_004.jpg 600w, https:\/\/hannesriedeins.sommercamp.berlin\/wp-content\/uploads\/2026\/07\/signal-2026-07-23-13-26-00-450_004-225x300.jpg 225w\" sizes=\"auto, (max-width: 600px) 100vw, 600px\" \/> <img loading=\"lazy\" decoding=\"async\" class=\"alignnone size-full wp-image-3002\" src=\"https:\/\/hannesriedeins.sommercamp.berlin\/wp-content\/uploads\/2026\/07\/signal-2026-07-23-13-26-00-450_011.jpg\" alt=\"\" width=\"800\" height=\"600\" srcset=\"https:\/\/hannesriedeins.sommercamp.berlin\/wp-content\/uploads\/2026\/07\/signal-2026-07-23-13-26-00-450_011.jpg 800w, https:\/\/hannesriedeins.sommercamp.berlin\/wp-content\/uploads\/2026\/07\/signal-2026-07-23-13-26-00-450_011-300x225.jpg 300w, https:\/\/hannesriedeins.sommercamp.berlin\/wp-content\/uploads\/2026\/07\/signal-2026-07-23-13-26-00-450_011-768x576.jpg 768w\" sizes=\"auto, (max-width: 767px) 89vw, (max-width: 1000px) 54vw, (max-width: 1071px) 543px, 580px\" \/> <img loading=\"lazy\" decoding=\"async\" class=\"alignnone size-full wp-image-2994\" src=\"https:\/\/hannesriedeins.sommercamp.berlin\/wp-content\/uploads\/2026\/07\/signal-2026-07-23-13-26-00-450_003.jpg\" alt=\"\" width=\"600\" height=\"800\" srcset=\"https:\/\/hannesriedeins.sommercamp.berlin\/wp-content\/uploads\/2026\/07\/signal-2026-07-23-13-26-00-450_003.jpg 600w, https:\/\/hannesriedeins.sommercamp.berlin\/wp-content\/uploads\/2026\/07\/signal-2026-07-23-13-26-00-450_003-225x300.jpg 225w\" sizes=\"auto, (max-width: 600px) 100vw, 600px\" \/><\/p>\n","protected":false},"excerpt":{"rendered":"<p>Heute wurde es magisch in unserem Sommercamp! Unter dem Motto Harry Potter verwandelte sich unser Camp in eine Welt voller Zauberei. Ob mutige Hexen und Zauberer, spannende Spiele, knifflige oder R\u00e4tsel \u00fcberall war der Zauber von Hogwarts zu sp\u00fcren. Mit viel Teamgeist, Fantasie und jeder Menge Spa\u00df meisterten die Kinder verschiedene Herausforderungen und sammelten dabei &hellip; <\/p>\n<p class=\"link-more\"><a href=\"https:\/\/hannesriedeins.sommercamp.berlin\/?p=2991\" class=\"more-link\"><span class=\"screen-reader-text\">\u201eHarryPotter-Tag\u201c <\/span>weiterlesen<\/a><\/p>\n","protected":false},"author":4,"featured_media":0,"comment_status":"open","ping_status":"closed","sticky":false,"template":"","format":"standard","meta":{"footnotes":""},"categories":[1],"tags":[],"class_list":["post-2991","post","type-post","status-publish","format-standard","hentry","category-uncategorized"],"yoast_head":"<!-- This site is optimized with the Yoast SEO plugin v28.0 - https:\/\/yoast.com\/product\/yoast-seo-wordpress\/ -->\n<title>HarryPotter-Tag - Sommercamp Hannesried I<\/title>\n<meta name=\"robots\" content=\"noindex, follow, max-snippet:-1, max-image-preview:large, max-video-preview:-1\" \/>\n<meta property=\"og:locale\" content=\"de_DE\" \/>\n<meta property=\"og:type\" content=\"article\" \/>\n<meta property=\"og:title\" content=\"HarryPotter-Tag - Sommercamp Hannesried I\" \/>\n<meta property=\"og:description\" content=\"Heute wurde es magisch in unserem Sommercamp! Unter dem Motto Harry Potter verwandelte sich unser Camp in eine Welt voller Zauberei. Ob mutige Hexen und Zauberer, spannende Spiele, knifflige oder R\u00e4tsel \u00fcberall war der Zauber von Hogwarts zu sp\u00fcren. Mit viel Teamgeist, Fantasie und jeder Menge Spa\u00df meisterten die Kinder verschiedene Herausforderungen und sammelten dabei &hellip; \u201eHarryPotter-Tag\u201c weiterlesen\" \/>\n<meta property=\"og:url\" content=\"https:\/\/hannesriedeins.sommercamp.berlin\/?p=2991\" \/>\n<meta property=\"og:site_name\" content=\"Sommercamp Hannesried I\" \/>\n<meta property=\"article:published_time\" content=\"2026-07-22T10:52:04+00:00\" \/>\n<meta property=\"article:modified_time\" content=\"2026-07-24T11:15:54+00:00\" \/>\n<meta property=\"og:image\" content=\"https:\/\/hannesriedeins.sommercamp.berlin\/wp-content\/uploads\/2026\/07\/signal-2026-07-23-13-26-00-450_002.jpg\" \/>\n\t<meta property=\"og:image:width\" content=\"600\" \/>\n\t<meta property=\"og:image:height\" content=\"800\" \/>\n\t<meta property=\"og:image:type\" content=\"image\/jpeg\" \/>\n<meta name=\"author\" content=\"han1\" \/>\n<meta name=\"twitter:card\" content=\"summary_large_image\" \/>\n<meta name=\"twitter:label1\" content=\"Verfasst von\" \/>\n\t<meta name=\"twitter:data1\" content=\"han1\" \/>\n\t<meta name=\"twitter:label2\" content=\"Gesch\u00e4tzte Lesezeit\" \/>\n\t<meta name=\"twitter:data2\" content=\"3\u00a0Minuten\" \/>\n<script type=\"application\/ld+json\" class=\"yoast-schema-graph\">{\"@context\":\"https:\\\/\\\/schema.org\",\"@graph\":[{\"@type\":\"Article\",\"@id\":\"https:\\\/\\\/hannesriedeins.sommercamp.berlin\\\/?p=2991#article\",\"isPartOf\":{\"@id\":\"https:\\\/\\\/hannesriedeins.sommercamp.berlin\\\/?p=2991\"},\"author\":{\"name\":\"han1\",\"@id\":\"https:\\\/\\\/hannesriedeins.sommercamp.berlin\\\/#\\\/schema\\\/person\\\/a13978800521ce525648ff1baba73c05\"},\"headline\":\"HarryPotter-Tag\",\"datePublished\":\"2026-07-22T10:52:04+00:00\",\"dateModified\":\"2026-07-24T11:15:54+00:00\",\"mainEntityOfPage\":{\"@id\":\"https:\\\/\\\/hannesriedeins.sommercamp.berlin\\\/?p=2991\"},\"wordCount\":107,\"commentCount\":0,\"image\":{\"@id\":\"https:\\\/\\\/hannesriedeins.sommercamp.berlin\\\/?p=2991#primaryimage\"},\"thumbnailUrl\":\"https:\\\/\\\/hannesriedeins.sommercamp.berlin\\\/wp-content\\\/uploads\\\/2026\\\/07\\\/signal-2026-07-23-13-26-00-450_002.jpg\",\"articleSection\":[\"Uncategorized\"],\"inLanguage\":\"de\",\"potentialAction\":[{\"@type\":\"CommentAction\",\"name\":\"Comment\",\"target\":[\"https:\\\/\\\/hannesriedeins.sommercamp.berlin\\\/?p=2991#respond\"]}]},{\"@type\":\"WebPage\",\"@id\":\"https:\\\/\\\/hannesriedeins.sommercamp.berlin\\\/?p=2991\",\"url\":\"https:\\\/\\\/hannesriedeins.sommercamp.berlin\\\/?p=2991\",\"name\":\"HarryPotter-Tag - Sommercamp Hannesried I\",\"isPartOf\":{\"@id\":\"https:\\\/\\\/hannesriedeins.sommercamp.berlin\\\/#website\"},\"primaryImageOfPage\":{\"@id\":\"https:\\\/\\\/hannesriedeins.sommercamp.berlin\\\/?p=2991#primaryimage\"},\"image\":{\"@id\":\"https:\\\/\\\/hannesriedeins.sommercamp.berlin\\\/?p=2991#primaryimage\"},\"thumbnailUrl\":\"https:\\\/\\\/hannesriedeins.sommercamp.berlin\\\/wp-content\\\/uploads\\\/2026\\\/07\\\/signal-2026-07-23-13-26-00-450_002.jpg\",\"datePublished\":\"2026-07-22T10:52:04+00:00\",\"dateModified\":\"2026-07-24T11:15:54+00:00\",\"author\":{\"@id\":\"https:\\\/\\\/hannesriedeins.sommercamp.berlin\\\/#\\\/schema\\\/person\\\/a13978800521ce525648ff1baba73c05\"},\"breadcrumb\":{\"@id\":\"https:\\\/\\\/hannesriedeins.sommercamp.berlin\\\/?p=2991#breadcrumb\"},\"inLanguage\":\"de\",\"potentialAction\":[{\"@type\":\"ReadAction\",\"target\":[\"https:\\\/\\\/hannesriedeins.sommercamp.berlin\\\/?p=2991\"]}]},{\"@type\":\"ImageObject\",\"inLanguage\":\"de\",\"@id\":\"https:\\\/\\\/hannesriedeins.sommercamp.berlin\\\/?p=2991#primaryimage\",\"url\":\"https:\\\/\\\/hannesriedeins.sommercamp.berlin\\\/wp-content\\\/uploads\\\/2026\\\/07\\\/signal-2026-07-23-13-26-00-450_002.jpg\",\"contentUrl\":\"https:\\\/\\\/hannesriedeins.sommercamp.berlin\\\/wp-content\\\/uploads\\\/2026\\\/07\\\/signal-2026-07-23-13-26-00-450_002.jpg\",\"width\":600,\"height\":800},{\"@type\":\"BreadcrumbList\",\"@id\":\"https:\\\/\\\/hannesriedeins.sommercamp.berlin\\\/?p=2991#breadcrumb\",\"itemListElement\":[{\"@type\":\"ListItem\",\"position\":1,\"name\":\"Startseite\",\"item\":\"https:\\\/\\\/hannesriedeins.sommercamp.berlin\\\/\"},{\"@type\":\"ListItem\",\"position\":2,\"name\":\"HarryPotter-Tag\"}]},{\"@type\":\"WebSite\",\"@id\":\"https:\\\/\\\/hannesriedeins.sommercamp.berlin\\\/#website\",\"url\":\"https:\\\/\\\/hannesriedeins.sommercamp.berlin\\\/\",\"name\":\"Sommercamp Hannesried I\",\"description\":\"11.07.-31.07.2026\",\"potentialAction\":[{\"@type\":\"SearchAction\",\"target\":{\"@type\":\"EntryPoint\",\"urlTemplate\":\"https:\\\/\\\/hannesriedeins.sommercamp.berlin\\\/?s={search_term_string}\"},\"query-input\":{\"@type\":\"PropertyValueSpecification\",\"valueRequired\":true,\"valueName\":\"search_term_string\"}}],\"inLanguage\":\"de\"},{\"@type\":\"Person\",\"@id\":\"https:\\\/\\\/hannesriedeins.sommercamp.berlin\\\/#\\\/schema\\\/person\\\/a13978800521ce525648ff1baba73c05\",\"name\":\"han1\",\"image\":{\"@type\":\"ImageObject\",\"inLanguage\":\"de\",\"@id\":\"https:\\\/\\\/secure.gravatar.com\\\/avatar\\\/237162ef45888cd7beaaaff5a466d9d08f5480c7b40d53915fa7f52f8f1bcb6f?s=96&d=mm&r=g\",\"url\":\"https:\\\/\\\/secure.gravatar.com\\\/avatar\\\/237162ef45888cd7beaaaff5a466d9d08f5480c7b40d53915fa7f52f8f1bcb6f?s=96&d=mm&r=g\",\"contentUrl\":\"https:\\\/\\\/secure.gravatar.com\\\/avatar\\\/237162ef45888cd7beaaaff5a466d9d08f5480c7b40d53915fa7f52f8f1bcb6f?s=96&d=mm&r=g\",\"caption\":\"han1\"},\"url\":\"https:\\\/\\\/hannesriedeins.sommercamp.berlin\\\/?author=4\"}]}<\/script>\n<!-- \/ Yoast SEO plugin. -->","yoast_head_json":{"title":"HarryPotter-Tag - Sommercamp Hannesried I","robots":{"index":"noindex","follow":"follow","max-snippet":"max-snippet:-1","max-image-preview":"max-image-preview:large","max-video-preview":"max-video-preview:-1"},"og_locale":"de_DE","og_type":"article","og_title":"HarryPotter-Tag - Sommercamp Hannesried I","og_description":"Heute wurde es magisch in unserem Sommercamp! Unter dem Motto Harry Potter verwandelte sich unser Camp in eine Welt voller Zauberei. Ob mutige Hexen und Zauberer, spannende Spiele, knifflige oder R\u00e4tsel \u00fcberall war der Zauber von Hogwarts zu sp\u00fcren. Mit viel Teamgeist, Fantasie und jeder Menge Spa\u00df meisterten die Kinder verschiedene Herausforderungen und sammelten dabei &hellip; \u201eHarryPotter-Tag\u201c weiterlesen","og_url":"https:\/\/hannesriedeins.sommercamp.berlin\/?p=2991","og_site_name":"Sommercamp Hannesried I","article_published_time":"2026-07-22T10:52:04+00:00","article_modified_time":"2026-07-24T11:15:54+00:00","og_image":[{"width":600,"height":800,"url":"https:\/\/hannesriedeins.sommercamp.berlin\/wp-content\/uploads\/2026\/07\/signal-2026-07-23-13-26-00-450_002.jpg","type":"image\/jpeg"}],"author":"han1","twitter_card":"summary_large_image","twitter_misc":{"Verfasst von":"han1","Gesch\u00e4tzte Lesezeit":"3\u00a0Minuten"},"schema":{"@context":"https:\/\/schema.org","@graph":[{"@type":"Article","@id":"https:\/\/hannesriedeins.sommercamp.berlin\/?p=2991#article","isPartOf":{"@id":"https:\/\/hannesriedeins.sommercamp.berlin\/?p=2991"},"author":{"name":"han1","@id":"https:\/\/hannesriedeins.sommercamp.berlin\/#\/schema\/person\/a13978800521ce525648ff1baba73c05"},"headline":"HarryPotter-Tag","datePublished":"2026-07-22T10:52:04+00:00","dateModified":"2026-07-24T11:15:54+00:00","mainEntityOfPage":{"@id":"https:\/\/hannesriedeins.sommercamp.berlin\/?p=2991"},"wordCount":107,"commentCount":0,"image":{"@id":"https:\/\/hannesriedeins.sommercamp.berlin\/?p=2991#primaryimage"},"thumbnailUrl":"https:\/\/hannesriedeins.sommercamp.berlin\/wp-content\/uploads\/2026\/07\/signal-2026-07-23-13-26-00-450_002.jpg","articleSection":["Uncategorized"],"inLanguage":"de","potentialAction":[{"@type":"CommentAction","name":"Comment","target":["https:\/\/hannesriedeins.sommercamp.berlin\/?p=2991#respond"]}]},{"@type":"WebPage","@id":"https:\/\/hannesriedeins.sommercamp.berlin\/?p=2991","url":"https:\/\/hannesriedeins.sommercamp.berlin\/?p=2991","name":"HarryPotter-Tag - Sommercamp Hannesried I","isPartOf":{"@id":"https:\/\/hannesriedeins.sommercamp.berlin\/#website"},"primaryImageOfPage":{"@id":"https:\/\/hannesriedeins.sommercamp.berlin\/?p=2991#primaryimage"},"image":{"@id":"https:\/\/hannesriedeins.sommercamp.berlin\/?p=2991#primaryimage"},"thumbnailUrl":"https:\/\/hannesriedeins.sommercamp.berlin\/wp-content\/uploads\/2026\/07\/signal-2026-07-23-13-26-00-450_002.jpg","datePublished":"2026-07-22T10:52:04+00:00","dateModified":"2026-07-24T11:15:54+00:00","author":{"@id":"https:\/\/hannesriedeins.sommercamp.berlin\/#\/schema\/person\/a13978800521ce525648ff1baba73c05"},"breadcrumb":{"@id":"https:\/\/hannesriedeins.sommercamp.berlin\/?p=2991#breadcrumb"},"inLanguage":"de","potentialAction":[{"@type":"ReadAction","target":["https:\/\/hannesriedeins.sommercamp.berlin\/?p=2991"]}]},{"@type":"ImageObject","inLanguage":"de","@id":"https:\/\/hannesriedeins.sommercamp.berlin\/?p=2991#primaryimage","url":"https:\/\/hannesriedeins.sommercamp.berlin\/wp-content\/uploads\/2026\/07\/signal-2026-07-23-13-26-00-450_002.jpg","contentUrl":"https:\/\/hannesriedeins.sommercamp.berlin\/wp-content\/uploads\/2026\/07\/signal-2026-07-23-13-26-00-450_002.jpg","width":600,"height":800},{"@type":"BreadcrumbList","@id":"https:\/\/hannesriedeins.sommercamp.berlin\/?p=2991#breadcrumb","itemListElement":[{"@type":"ListItem","position":1,"name":"Startseite","item":"https:\/\/hannesriedeins.sommercamp.berlin\/"},{"@type":"ListItem","position":2,"name":"HarryPotter-Tag"}]},{"@type":"WebSite","@id":"https:\/\/hannesriedeins.sommercamp.berlin\/#website","url":"https:\/\/hannesriedeins.sommercamp.berlin\/","name":"Sommercamp Hannesried I","description":"11.07.-31.07.2026","potentialAction":[{"@type":"SearchAction","target":{"@type":"EntryPoint","urlTemplate":"https:\/\/hannesriedeins.sommercamp.berlin\/?s={search_term_string}"},"query-input":{"@type":"PropertyValueSpecification","valueRequired":true,"valueName":"search_term_string"}}],"inLanguage":"de"},{"@type":"Person","@id":"https:\/\/hannesriedeins.sommercamp.berlin\/#\/schema\/person\/a13978800521ce525648ff1baba73c05","name":"han1","image":{"@type":"ImageObject","inLanguage":"de","@id":"https:\/\/secure.gravatar.com\/avatar\/237162ef45888cd7beaaaff5a466d9d08f5480c7b40d53915fa7f52f8f1bcb6f?s=96&d=mm&r=g","url":"https:\/\/secure.gravatar.com\/avatar\/237162ef45888cd7beaaaff5a466d9d08f5480c7b40d53915fa7f52f8f1bcb6f?s=96&d=mm&r=g","contentUrl":"https:\/\/secure.gravatar.com\/avatar\/237162ef45888cd7beaaaff5a466d9d08f5480c7b40d53915fa7f52f8f1bcb6f?s=96&d=mm&r=g","caption":"han1"},"url":"https:\/\/hannesriedeins.sommercamp.berlin\/?author=4"}]}},"_links":{"self":[{"href":"https:\/\/hannesriedeins.sommercamp.berlin\/index.php?rest_route=\/wp\/v2\/posts\/2991","targetHints":{"allow":["GET"]}}],"collection":[{"href":"https:\/\/hannesriedeins.sommercamp.berlin\/index.php?rest_route=\/wp\/v2\/posts"}],"about":[{"href":"https:\/\/hannesriedeins.sommercamp.berlin\/index.php?rest_route=\/wp\/v2\/types\/post"}],"author":[{"embeddable":true,"href":"https:\/\/hannesriedeins.sommercamp.berlin\/index.php?rest_route=\/wp\/v2\/users\/4"}],"replies":[{"embeddable":true,"href":"https:\/\/hannesriedeins.sommercamp.berlin\/index.php?rest_route=%2Fwp%2Fv2%2Fcomments&post=2991"}],"version-history":[{"count":1,"href":"https:\/\/hannesriedeins.sommercamp.berlin\/index.php?rest_route=\/wp\/v2\/posts\/2991\/revisions"}],"predecessor-version":[{"id":3003,"href":"https:\/\/hannesriedeins.sommercamp.berlin\/index.php?rest_route=\/wp\/v2\/posts\/2991\/revisions\/3003"}],"wp:attachment":[{"href":"https:\/\/hannesriedeins.sommercamp.berlin\/index.php?rest_route=%2Fwp%2Fv2%2Fmedia&parent=2991"}],"wp:term":[{"taxonomy":"category","embeddable":true,"href":"https:\/\/hannesriedeins.sommercamp.berlin\/index.php?rest_route=%2Fwp%2Fv2%2Fcategories&post=2991"},{"taxonomy":"post_tag","embeddable":true,"href":"https:\/\/hannesriedeins.sommercamp.berlin\/index.php?rest_route=%2Fwp%2Fv2%2Ftags&post=2991"}],"curies":[{"name":"wp","href":"https:\/\/api.w.org\/{rel}","templated":true}]}}