{"id":3040,"date":"2026-07-25T09:24:03","date_gmt":"2026-07-25T09:24:03","guid":{"rendered":"https:\/\/hannesriedeins.sommercamp.berlin\/?p=3040"},"modified":"2026-07-26T17:54:48","modified_gmt":"2026-07-26T17:54:48","slug":"wanderung-zum-schneeberg","status":"publish","type":"post","link":"https:\/\/hannesriedeins.sommercamp.berlin\/?p=3040","title":{"rendered":"Wanderung zum Schneeberg"},"content":{"rendered":"<p>Gemeinsam machten wir uns auf den Weg zum Alten Schneeberg. Oben angekommen wurden wir mit einem beeindruckenden Blick am Gipfelkreuz belohnt. Als die Sonne langsam hinter den Bergen verschwand, konnten wir einen wundersch\u00f6nen Sonnenuntergang genie\u00dfen.\u00a0Nach einer kleinen St\u00e4rkung mit Br\u00f6tchen und Wurst, machten wir uns auf den R\u00fcckweg.<\/p>\n<p>Zur\u00fcck im Camp, began die H\u00f6rspielnacht. Die Kinder konnten unter freiem Himmel die Sterne beobachten.<\/p>\n<p>&nbsp;<\/p>\n<p><img loading=\"lazy\" decoding=\"async\" class=\"alignnone size-full wp-image-3050\" src=\"https:\/\/hannesriedeins.sommercamp.berlin\/wp-content\/uploads\/2026\/07\/WhatsApp-Image-2026-07-26-at-11.26.16.jpeg\" alt=\"\" width=\"1200\" height=\"1600\" srcset=\"https:\/\/hannesriedeins.sommercamp.berlin\/wp-content\/uploads\/2026\/07\/WhatsApp-Image-2026-07-26-at-11.26.16.jpeg 1200w, https:\/\/hannesriedeins.sommercamp.berlin\/wp-content\/uploads\/2026\/07\/WhatsApp-Image-2026-07-26-at-11.26.16-225x300.jpeg 225w, https:\/\/hannesriedeins.sommercamp.berlin\/wp-content\/uploads\/2026\/07\/WhatsApp-Image-2026-07-26-at-11.26.16-768x1024.jpeg 768w, https:\/\/hannesriedeins.sommercamp.berlin\/wp-content\/uploads\/2026\/07\/WhatsApp-Image-2026-07-26-at-11.26.16-1152x1536.jpeg 1152w\" sizes=\"auto, (max-width: 767px) 89vw, (max-width: 1000px) 54vw, (max-width: 1071px) 543px, 580px\" \/><\/p>\n<figure id=\"attachment_3051\" aria-describedby=\"caption-attachment-3051\" style=\"width: 1200px\" class=\"wp-caption alignnone\"><img loading=\"lazy\" decoding=\"async\" class=\"wp-image-3051 size-full\" src=\"https:\/\/hannesriedeins.sommercamp.berlin\/wp-content\/uploads\/2026\/07\/WhatsApp-Image-2026-07-26-at-11.26.18-2.jpeg\" alt=\"\" width=\"1200\" height=\"1600\" srcset=\"https:\/\/hannesriedeins.sommercamp.berlin\/wp-content\/uploads\/2026\/07\/WhatsApp-Image-2026-07-26-at-11.26.18-2.jpeg 1200w, https:\/\/hannesriedeins.sommercamp.berlin\/wp-content\/uploads\/2026\/07\/WhatsApp-Image-2026-07-26-at-11.26.18-2-225x300.jpeg 225w, https:\/\/hannesriedeins.sommercamp.berlin\/wp-content\/uploads\/2026\/07\/WhatsApp-Image-2026-07-26-at-11.26.18-2-768x1024.jpeg 768w, https:\/\/hannesriedeins.sommercamp.berlin\/wp-content\/uploads\/2026\/07\/WhatsApp-Image-2026-07-26-at-11.26.18-2-1152x1536.jpeg 1152w\" sizes=\"auto, (max-width: 767px) 89vw, (max-width: 1000px) 54vw, (max-width: 1071px) 543px, 580px\" \/><figcaption id=\"caption-attachment-3051\" class=\"wp-caption-text\">Slackline im Wald<\/figcaption><\/figure>\n<p><img loading=\"lazy\" decoding=\"async\" class=\"alignnone size-full wp-image-3053\" src=\"https:\/\/hannesriedeins.sommercamp.berlin\/wp-content\/uploads\/2026\/07\/WhatsApp-Image-2026-07-26-at-11.26.18.jpeg\" alt=\"\" width=\"1200\" height=\"1600\" srcset=\"https:\/\/hannesriedeins.sommercamp.berlin\/wp-content\/uploads\/2026\/07\/WhatsApp-Image-2026-07-26-at-11.26.18.jpeg 1200w, https:\/\/hannesriedeins.sommercamp.berlin\/wp-content\/uploads\/2026\/07\/WhatsApp-Image-2026-07-26-at-11.26.18-225x300.jpeg 225w, https:\/\/hannesriedeins.sommercamp.berlin\/wp-content\/uploads\/2026\/07\/WhatsApp-Image-2026-07-26-at-11.26.18-768x1024.jpeg 768w, https:\/\/hannesriedeins.sommercamp.berlin\/wp-content\/uploads\/2026\/07\/WhatsApp-Image-2026-07-26-at-11.26.18-1152x1536.jpeg 1152w\" sizes=\"auto, (max-width: 767px) 89vw, (max-width: 1000px) 54vw, (max-width: 1071px) 543px, 580px\" \/><\/p>\n<figure id=\"attachment_3052\" aria-describedby=\"caption-attachment-3052\" style=\"width: 1200px\" class=\"wp-caption alignnone\"><img loading=\"lazy\" decoding=\"async\" class=\"wp-image-3052 size-full\" src=\"https:\/\/hannesriedeins.sommercamp.berlin\/wp-content\/uploads\/2026\/07\/WhatsApp-Image-2026-07-26-at-11.26.18-3.jpeg\" alt=\"\" width=\"1200\" height=\"1600\" srcset=\"https:\/\/hannesriedeins.sommercamp.berlin\/wp-content\/uploads\/2026\/07\/WhatsApp-Image-2026-07-26-at-11.26.18-3.jpeg 1200w, https:\/\/hannesriedeins.sommercamp.berlin\/wp-content\/uploads\/2026\/07\/WhatsApp-Image-2026-07-26-at-11.26.18-3-225x300.jpeg 225w, https:\/\/hannesriedeins.sommercamp.berlin\/wp-content\/uploads\/2026\/07\/WhatsApp-Image-2026-07-26-at-11.26.18-3-768x1024.jpeg 768w, https:\/\/hannesriedeins.sommercamp.berlin\/wp-content\/uploads\/2026\/07\/WhatsApp-Image-2026-07-26-at-11.26.18-3-1152x1536.jpeg 1152w\" sizes=\"auto, (max-width: 767px) 89vw, (max-width: 1000px) 54vw, (max-width: 1071px) 543px, 580px\" \/><figcaption id=\"caption-attachment-3052\" class=\"wp-caption-text\">Das Gipfelkreutz auf dem Schneeberg.<\/figcaption><\/figure>\n<p><img loading=\"lazy\" decoding=\"async\" class=\"alignnone size-full wp-image-3047\" src=\"https:\/\/hannesriedeins.sommercamp.berlin\/wp-content\/uploads\/2026\/07\/WhatsApp-Image-2026-07-26-at-11.31.00.jpeg\" alt=\"\" width=\"1200\" height=\"1600\" srcset=\"https:\/\/hannesriedeins.sommercamp.berlin\/wp-content\/uploads\/2026\/07\/WhatsApp-Image-2026-07-26-at-11.31.00.jpeg 1200w, https:\/\/hannesriedeins.sommercamp.berlin\/wp-content\/uploads\/2026\/07\/WhatsApp-Image-2026-07-26-at-11.31.00-225x300.jpeg 225w, https:\/\/hannesriedeins.sommercamp.berlin\/wp-content\/uploads\/2026\/07\/WhatsApp-Image-2026-07-26-at-11.31.00-768x1024.jpeg 768w, https:\/\/hannesriedeins.sommercamp.berlin\/wp-content\/uploads\/2026\/07\/WhatsApp-Image-2026-07-26-at-11.31.00-1152x1536.jpeg 1152w\" sizes=\"auto, (max-width: 767px) 89vw, (max-width: 1000px) 54vw, (max-width: 1071px) 543px, 580px\" \/> <img loading=\"lazy\" decoding=\"async\" class=\"alignnone size-full wp-image-3046\" src=\"https:\/\/hannesriedeins.sommercamp.berlin\/wp-content\/uploads\/2026\/07\/WhatsApp-Image-2026-07-26-at-11.31.00-2.jpeg\" alt=\"\" width=\"1200\" height=\"1600\" srcset=\"https:\/\/hannesriedeins.sommercamp.berlin\/wp-content\/uploads\/2026\/07\/WhatsApp-Image-2026-07-26-at-11.31.00-2.jpeg 1200w, https:\/\/hannesriedeins.sommercamp.berlin\/wp-content\/uploads\/2026\/07\/WhatsApp-Image-2026-07-26-at-11.31.00-2-225x300.jpeg 225w, https:\/\/hannesriedeins.sommercamp.berlin\/wp-content\/uploads\/2026\/07\/WhatsApp-Image-2026-07-26-at-11.31.00-2-768x1024.jpeg 768w, https:\/\/hannesriedeins.sommercamp.berlin\/wp-content\/uploads\/2026\/07\/WhatsApp-Image-2026-07-26-at-11.31.00-2-1152x1536.jpeg 1152w\" sizes=\"auto, (max-width: 767px) 89vw, (max-width: 1000px) 54vw, (max-width: 1071px) 543px, 580px\" \/> <img loading=\"lazy\" decoding=\"async\" class=\"alignnone size-full wp-image-3045\" src=\"https:\/\/hannesriedeins.sommercamp.berlin\/wp-content\/uploads\/2026\/07\/WhatsApp-Image-2026-07-26-at-11.31.00-1.jpeg\" alt=\"\" width=\"1600\" height=\"1200\" srcset=\"https:\/\/hannesriedeins.sommercamp.berlin\/wp-content\/uploads\/2026\/07\/WhatsApp-Image-2026-07-26-at-11.31.00-1.jpeg 1600w, https:\/\/hannesriedeins.sommercamp.berlin\/wp-content\/uploads\/2026\/07\/WhatsApp-Image-2026-07-26-at-11.31.00-1-300x225.jpeg 300w, https:\/\/hannesriedeins.sommercamp.berlin\/wp-content\/uploads\/2026\/07\/WhatsApp-Image-2026-07-26-at-11.31.00-1-1024x768.jpeg 1024w, https:\/\/hannesriedeins.sommercamp.berlin\/wp-content\/uploads\/2026\/07\/WhatsApp-Image-2026-07-26-at-11.31.00-1-768x576.jpeg 768w, https:\/\/hannesriedeins.sommercamp.berlin\/wp-content\/uploads\/2026\/07\/WhatsApp-Image-2026-07-26-at-11.31.00-1-1536x1152.jpeg 1536w\" sizes=\"auto, (max-width: 767px) 89vw, (max-width: 1000px) 54vw, (max-width: 1071px) 543px, 580px\" \/> <img loading=\"lazy\" decoding=\"async\" class=\"alignnone size-full wp-image-3044\" src=\"https:\/\/hannesriedeins.sommercamp.berlin\/wp-content\/uploads\/2026\/07\/WhatsApp-Image-2026-07-26-at-11.26.19.jpeg\" alt=\"\" width=\"1200\" height=\"1600\" srcset=\"https:\/\/hannesriedeins.sommercamp.berlin\/wp-content\/uploads\/2026\/07\/WhatsApp-Image-2026-07-26-at-11.26.19.jpeg 1200w, https:\/\/hannesriedeins.sommercamp.berlin\/wp-content\/uploads\/2026\/07\/WhatsApp-Image-2026-07-26-at-11.26.19-225x300.jpeg 225w, https:\/\/hannesriedeins.sommercamp.berlin\/wp-content\/uploads\/2026\/07\/WhatsApp-Image-2026-07-26-at-11.26.19-768x1024.jpeg 768w, https:\/\/hannesriedeins.sommercamp.berlin\/wp-content\/uploads\/2026\/07\/WhatsApp-Image-2026-07-26-at-11.26.19-1152x1536.jpeg 1152w\" sizes=\"auto, (max-width: 767px) 89vw, (max-width: 1000px) 54vw, (max-width: 1071px) 543px, 580px\" \/> <img loading=\"lazy\" decoding=\"async\" class=\"alignnone size-full wp-image-3043\" src=\"https:\/\/hannesriedeins.sommercamp.berlin\/wp-content\/uploads\/2026\/07\/WhatsApp-Image-2026-07-26-at-11.26.19-1.jpeg\" alt=\"\" width=\"1200\" height=\"1600\" srcset=\"https:\/\/hannesriedeins.sommercamp.berlin\/wp-content\/uploads\/2026\/07\/WhatsApp-Image-2026-07-26-at-11.26.19-1.jpeg 1200w, https:\/\/hannesriedeins.sommercamp.berlin\/wp-content\/uploads\/2026\/07\/WhatsApp-Image-2026-07-26-at-11.26.19-1-225x300.jpeg 225w, https:\/\/hannesriedeins.sommercamp.berlin\/wp-content\/uploads\/2026\/07\/WhatsApp-Image-2026-07-26-at-11.26.19-1-768x1024.jpeg 768w, https:\/\/hannesriedeins.sommercamp.berlin\/wp-content\/uploads\/2026\/07\/WhatsApp-Image-2026-07-26-at-11.26.19-1-1152x1536.jpeg 1152w\" sizes=\"auto, (max-width: 767px) 89vw, (max-width: 1000px) 54vw, (max-width: 1071px) 543px, 580px\" \/><\/p>\n<p>&nbsp;<\/p>\n<p><strong>Noch schnell ein Paar Burgertaschen f\u00fcr unsere heutige Nachtwache.\ud83e\udd70<\/strong><\/p>\n<div style=\"width: 478px;\" class=\"wp-video\"><video class=\"wp-video-shortcode\" id=\"video-3040-1\" width=\"478\" height=\"850\" preload=\"metadata\" controls=\"controls\"><source type=\"video\/mp4\" src=\"https:\/\/hannesriedeins.sommercamp.berlin\/wp-content\/uploads\/2026\/07\/Burgertaschen.mp4?_=1\" \/><a href=\"https:\/\/hannesriedeins.sommercamp.berlin\/wp-content\/uploads\/2026\/07\/Burgertaschen.mp4\">https:\/\/hannesriedeins.sommercamp.berlin\/wp-content\/uploads\/2026\/07\/Burgertaschen.mp4<\/a><\/video><\/div>\n","protected":false},"excerpt":{"rendered":"<p>Gemeinsam machten wir uns auf den Weg zum Alten Schneeberg. Oben angekommen wurden wir mit einem beeindruckenden Blick am Gipfelkreuz belohnt. Als die Sonne langsam hinter den Bergen verschwand, konnten wir einen wundersch\u00f6nen Sonnenuntergang genie\u00dfen.\u00a0Nach einer kleinen St\u00e4rkung mit Br\u00f6tchen und Wurst, machten wir uns auf den R\u00fcckweg. Zur\u00fcck im Camp, began die H\u00f6rspielnacht. Die &hellip; <\/p>\n<p class=\"link-more\"><a href=\"https:\/\/hannesriedeins.sommercamp.berlin\/?p=3040\" class=\"more-link\"><span class=\"screen-reader-text\">\u201eWanderung zum Schneeberg\u201c <\/span>weiterlesen<\/a><\/p>\n","protected":false},"author":4,"featured_media":0,"comment_status":"open","ping_status":"closed","sticky":false,"template":"","format":"standard","meta":{"footnotes":""},"categories":[1],"tags":[],"class_list":["post-3040","post","type-post","status-publish","format-standard","hentry","category-uncategorized"],"yoast_head":"<!-- This site is optimized with the Yoast SEO plugin v28.0 - https:\/\/yoast.com\/product\/yoast-seo-wordpress\/ -->\n<title>Wanderung zum Schneeberg - Sommercamp Hannesried I<\/title>\n<meta name=\"robots\" content=\"noindex, follow, max-snippet:-1, max-image-preview:large, max-video-preview:-1\" \/>\n<meta property=\"og:locale\" content=\"de_DE\" \/>\n<meta property=\"og:type\" content=\"article\" \/>\n<meta property=\"og:title\" content=\"Wanderung zum Schneeberg - Sommercamp Hannesried I\" \/>\n<meta property=\"og:description\" content=\"Gemeinsam machten wir uns auf den Weg zum Alten Schneeberg. Oben angekommen wurden wir mit einem beeindruckenden Blick am Gipfelkreuz belohnt. Als die Sonne langsam hinter den Bergen verschwand, konnten wir einen wundersch\u00f6nen Sonnenuntergang genie\u00dfen.\u00a0Nach einer kleinen St\u00e4rkung mit Br\u00f6tchen und Wurst, machten wir uns auf den R\u00fcckweg. Zur\u00fcck im Camp, began die H\u00f6rspielnacht. Die &hellip; \u201eWanderung zum Schneeberg\u201c weiterlesen\" \/>\n<meta property=\"og:url\" content=\"https:\/\/hannesriedeins.sommercamp.berlin\/?p=3040\" \/>\n<meta property=\"og:site_name\" content=\"Sommercamp Hannesried I\" \/>\n<meta property=\"article:published_time\" content=\"2026-07-25T09:24:03+00:00\" \/>\n<meta property=\"article:modified_time\" content=\"2026-07-26T17:54:48+00:00\" \/>\n<meta property=\"og:image\" content=\"https:\/\/hannesriedeins.sommercamp.berlin\/wp-content\/uploads\/2026\/07\/WhatsApp-Image-2026-07-26-at-11.26.16.jpeg\" \/>\n\t<meta property=\"og:image:width\" content=\"1200\" \/>\n\t<meta property=\"og:image:height\" content=\"1600\" \/>\n\t<meta property=\"og:image:type\" content=\"image\/jpeg\" \/>\n<meta name=\"author\" content=\"han1\" \/>\n<meta name=\"twitter:card\" content=\"summary_large_image\" \/>\n<meta name=\"twitter:label1\" content=\"Verfasst von\" \/>\n\t<meta name=\"twitter:data1\" content=\"han1\" \/>\n\t<meta name=\"twitter:label2\" content=\"Gesch\u00e4tzte Lesezeit\" \/>\n\t<meta name=\"twitter:data2\" content=\"3\u00a0Minuten\" \/>\n<script type=\"application\/ld+json\" class=\"yoast-schema-graph\">{\"@context\":\"https:\\\/\\\/schema.org\",\"@graph\":[{\"@type\":\"Article\",\"@id\":\"https:\\\/\\\/hannesriedeins.sommercamp.berlin\\\/?p=3040#article\",\"isPartOf\":{\"@id\":\"https:\\\/\\\/hannesriedeins.sommercamp.berlin\\\/?p=3040\"},\"author\":{\"name\":\"han1\",\"@id\":\"https:\\\/\\\/hannesriedeins.sommercamp.berlin\\\/#\\\/schema\\\/person\\\/a13978800521ce525648ff1baba73c05\"},\"headline\":\"Wanderung zum Schneeberg\",\"datePublished\":\"2026-07-25T09:24:03+00:00\",\"dateModified\":\"2026-07-26T17:54:48+00:00\",\"mainEntityOfPage\":{\"@id\":\"https:\\\/\\\/hannesriedeins.sommercamp.berlin\\\/?p=3040\"},\"wordCount\":121,\"commentCount\":0,\"image\":{\"@id\":\"https:\\\/\\\/hannesriedeins.sommercamp.berlin\\\/?p=3040#primaryimage\"},\"thumbnailUrl\":\"https:\\\/\\\/hannesriedeins.sommercamp.berlin\\\/wp-content\\\/uploads\\\/2026\\\/07\\\/WhatsApp-Image-2026-07-26-at-11.26.16.jpeg\",\"articleSection\":[\"Uncategorized\"],\"inLanguage\":\"de\",\"potentialAction\":[{\"@type\":\"CommentAction\",\"name\":\"Comment\",\"target\":[\"https:\\\/\\\/hannesriedeins.sommercamp.berlin\\\/?p=3040#respond\"]}]},{\"@type\":\"WebPage\",\"@id\":\"https:\\\/\\\/hannesriedeins.sommercamp.berlin\\\/?p=3040\",\"url\":\"https:\\\/\\\/hannesriedeins.sommercamp.berlin\\\/?p=3040\",\"name\":\"Wanderung zum Schneeberg - Sommercamp Hannesried I\",\"isPartOf\":{\"@id\":\"https:\\\/\\\/hannesriedeins.sommercamp.berlin\\\/#website\"},\"primaryImageOfPage\":{\"@id\":\"https:\\\/\\\/hannesriedeins.sommercamp.berlin\\\/?p=3040#primaryimage\"},\"image\":{\"@id\":\"https:\\\/\\\/hannesriedeins.sommercamp.berlin\\\/?p=3040#primaryimage\"},\"thumbnailUrl\":\"https:\\\/\\\/hannesriedeins.sommercamp.berlin\\\/wp-content\\\/uploads\\\/2026\\\/07\\\/WhatsApp-Image-2026-07-26-at-11.26.16.jpeg\",\"datePublished\":\"2026-07-25T09:24:03+00:00\",\"dateModified\":\"2026-07-26T17:54:48+00:00\",\"author\":{\"@id\":\"https:\\\/\\\/hannesriedeins.sommercamp.berlin\\\/#\\\/schema\\\/person\\\/a13978800521ce525648ff1baba73c05\"},\"breadcrumb\":{\"@id\":\"https:\\\/\\\/hannesriedeins.sommercamp.berlin\\\/?p=3040#breadcrumb\"},\"inLanguage\":\"de\",\"potentialAction\":[{\"@type\":\"ReadAction\",\"target\":[\"https:\\\/\\\/hannesriedeins.sommercamp.berlin\\\/?p=3040\"]}]},{\"@type\":\"ImageObject\",\"inLanguage\":\"de\",\"@id\":\"https:\\\/\\\/hannesriedeins.sommercamp.berlin\\\/?p=3040#primaryimage\",\"url\":\"https:\\\/\\\/hannesriedeins.sommercamp.berlin\\\/wp-content\\\/uploads\\\/2026\\\/07\\\/WhatsApp-Image-2026-07-26-at-11.26.16.jpeg\",\"contentUrl\":\"https:\\\/\\\/hannesriedeins.sommercamp.berlin\\\/wp-content\\\/uploads\\\/2026\\\/07\\\/WhatsApp-Image-2026-07-26-at-11.26.16.jpeg\",\"width\":1200,\"height\":1600},{\"@type\":\"BreadcrumbList\",\"@id\":\"https:\\\/\\\/hannesriedeins.sommercamp.berlin\\\/?p=3040#breadcrumb\",\"itemListElement\":[{\"@type\":\"ListItem\",\"position\":1,\"name\":\"Startseite\",\"item\":\"https:\\\/\\\/hannesriedeins.sommercamp.berlin\\\/\"},{\"@type\":\"ListItem\",\"position\":2,\"name\":\"Wanderung zum Schneeberg\"}]},{\"@type\":\"WebSite\",\"@id\":\"https:\\\/\\\/hannesriedeins.sommercamp.berlin\\\/#website\",\"url\":\"https:\\\/\\\/hannesriedeins.sommercamp.berlin\\\/\",\"name\":\"Sommercamp Hannesried I\",\"description\":\"11.07.-31.07.2026\",\"potentialAction\":[{\"@type\":\"SearchAction\",\"target\":{\"@type\":\"EntryPoint\",\"urlTemplate\":\"https:\\\/\\\/hannesriedeins.sommercamp.berlin\\\/?s={search_term_string}\"},\"query-input\":{\"@type\":\"PropertyValueSpecification\",\"valueRequired\":true,\"valueName\":\"search_term_string\"}}],\"inLanguage\":\"de\"},{\"@type\":\"Person\",\"@id\":\"https:\\\/\\\/hannesriedeins.sommercamp.berlin\\\/#\\\/schema\\\/person\\\/a13978800521ce525648ff1baba73c05\",\"name\":\"han1\",\"image\":{\"@type\":\"ImageObject\",\"inLanguage\":\"de\",\"@id\":\"https:\\\/\\\/secure.gravatar.com\\\/avatar\\\/237162ef45888cd7beaaaff5a466d9d08f5480c7b40d53915fa7f52f8f1bcb6f?s=96&d=mm&r=g\",\"url\":\"https:\\\/\\\/secure.gravatar.com\\\/avatar\\\/237162ef45888cd7beaaaff5a466d9d08f5480c7b40d53915fa7f52f8f1bcb6f?s=96&d=mm&r=g\",\"contentUrl\":\"https:\\\/\\\/secure.gravatar.com\\\/avatar\\\/237162ef45888cd7beaaaff5a466d9d08f5480c7b40d53915fa7f52f8f1bcb6f?s=96&d=mm&r=g\",\"caption\":\"han1\"},\"url\":\"https:\\\/\\\/hannesriedeins.sommercamp.berlin\\\/?author=4\"}]}<\/script>\n<!-- \/ Yoast SEO plugin. -->","yoast_head_json":{"title":"Wanderung zum Schneeberg - Sommercamp Hannesried I","robots":{"index":"noindex","follow":"follow","max-snippet":"max-snippet:-1","max-image-preview":"max-image-preview:large","max-video-preview":"max-video-preview:-1"},"og_locale":"de_DE","og_type":"article","og_title":"Wanderung zum Schneeberg - Sommercamp Hannesried I","og_description":"Gemeinsam machten wir uns auf den Weg zum Alten Schneeberg. Oben angekommen wurden wir mit einem beeindruckenden Blick am Gipfelkreuz belohnt. Als die Sonne langsam hinter den Bergen verschwand, konnten wir einen wundersch\u00f6nen Sonnenuntergang genie\u00dfen.\u00a0Nach einer kleinen St\u00e4rkung mit Br\u00f6tchen und Wurst, machten wir uns auf den R\u00fcckweg. Zur\u00fcck im Camp, began die H\u00f6rspielnacht. Die &hellip; \u201eWanderung zum Schneeberg\u201c weiterlesen","og_url":"https:\/\/hannesriedeins.sommercamp.berlin\/?p=3040","og_site_name":"Sommercamp Hannesried I","article_published_time":"2026-07-25T09:24:03+00:00","article_modified_time":"2026-07-26T17:54:48+00:00","og_image":[{"width":1200,"height":1600,"url":"https:\/\/hannesriedeins.sommercamp.berlin\/wp-content\/uploads\/2026\/07\/WhatsApp-Image-2026-07-26-at-11.26.16.jpeg","type":"image\/jpeg"}],"author":"han1","twitter_card":"summary_large_image","twitter_misc":{"Verfasst von":"han1","Gesch\u00e4tzte Lesezeit":"3\u00a0Minuten"},"schema":{"@context":"https:\/\/schema.org","@graph":[{"@type":"Article","@id":"https:\/\/hannesriedeins.sommercamp.berlin\/?p=3040#article","isPartOf":{"@id":"https:\/\/hannesriedeins.sommercamp.berlin\/?p=3040"},"author":{"name":"han1","@id":"https:\/\/hannesriedeins.sommercamp.berlin\/#\/schema\/person\/a13978800521ce525648ff1baba73c05"},"headline":"Wanderung zum Schneeberg","datePublished":"2026-07-25T09:24:03+00:00","dateModified":"2026-07-26T17:54:48+00:00","mainEntityOfPage":{"@id":"https:\/\/hannesriedeins.sommercamp.berlin\/?p=3040"},"wordCount":121,"commentCount":0,"image":{"@id":"https:\/\/hannesriedeins.sommercamp.berlin\/?p=3040#primaryimage"},"thumbnailUrl":"https:\/\/hannesriedeins.sommercamp.berlin\/wp-content\/uploads\/2026\/07\/WhatsApp-Image-2026-07-26-at-11.26.16.jpeg","articleSection":["Uncategorized"],"inLanguage":"de","potentialAction":[{"@type":"CommentAction","name":"Comment","target":["https:\/\/hannesriedeins.sommercamp.berlin\/?p=3040#respond"]}]},{"@type":"WebPage","@id":"https:\/\/hannesriedeins.sommercamp.berlin\/?p=3040","url":"https:\/\/hannesriedeins.sommercamp.berlin\/?p=3040","name":"Wanderung zum Schneeberg - Sommercamp Hannesried I","isPartOf":{"@id":"https:\/\/hannesriedeins.sommercamp.berlin\/#website"},"primaryImageOfPage":{"@id":"https:\/\/hannesriedeins.sommercamp.berlin\/?p=3040#primaryimage"},"image":{"@id":"https:\/\/hannesriedeins.sommercamp.berlin\/?p=3040#primaryimage"},"thumbnailUrl":"https:\/\/hannesriedeins.sommercamp.berlin\/wp-content\/uploads\/2026\/07\/WhatsApp-Image-2026-07-26-at-11.26.16.jpeg","datePublished":"2026-07-25T09:24:03+00:00","dateModified":"2026-07-26T17:54:48+00:00","author":{"@id":"https:\/\/hannesriedeins.sommercamp.berlin\/#\/schema\/person\/a13978800521ce525648ff1baba73c05"},"breadcrumb":{"@id":"https:\/\/hannesriedeins.sommercamp.berlin\/?p=3040#breadcrumb"},"inLanguage":"de","potentialAction":[{"@type":"ReadAction","target":["https:\/\/hannesriedeins.sommercamp.berlin\/?p=3040"]}]},{"@type":"ImageObject","inLanguage":"de","@id":"https:\/\/hannesriedeins.sommercamp.berlin\/?p=3040#primaryimage","url":"https:\/\/hannesriedeins.sommercamp.berlin\/wp-content\/uploads\/2026\/07\/WhatsApp-Image-2026-07-26-at-11.26.16.jpeg","contentUrl":"https:\/\/hannesriedeins.sommercamp.berlin\/wp-content\/uploads\/2026\/07\/WhatsApp-Image-2026-07-26-at-11.26.16.jpeg","width":1200,"height":1600},{"@type":"BreadcrumbList","@id":"https:\/\/hannesriedeins.sommercamp.berlin\/?p=3040#breadcrumb","itemListElement":[{"@type":"ListItem","position":1,"name":"Startseite","item":"https:\/\/hannesriedeins.sommercamp.berlin\/"},{"@type":"ListItem","position":2,"name":"Wanderung zum Schneeberg"}]},{"@type":"WebSite","@id":"https:\/\/hannesriedeins.sommercamp.berlin\/#website","url":"https:\/\/hannesriedeins.sommercamp.berlin\/","name":"Sommercamp Hannesried I","description":"11.07.-31.07.2026","potentialAction":[{"@type":"SearchAction","target":{"@type":"EntryPoint","urlTemplate":"https:\/\/hannesriedeins.sommercamp.berlin\/?s={search_term_string}"},"query-input":{"@type":"PropertyValueSpecification","valueRequired":true,"valueName":"search_term_string"}}],"inLanguage":"de"},{"@type":"Person","@id":"https:\/\/hannesriedeins.sommercamp.berlin\/#\/schema\/person\/a13978800521ce525648ff1baba73c05","name":"han1","image":{"@type":"ImageObject","inLanguage":"de","@id":"https:\/\/secure.gravatar.com\/avatar\/237162ef45888cd7beaaaff5a466d9d08f5480c7b40d53915fa7f52f8f1bcb6f?s=96&d=mm&r=g","url":"https:\/\/secure.gravatar.com\/avatar\/237162ef45888cd7beaaaff5a466d9d08f5480c7b40d53915fa7f52f8f1bcb6f?s=96&d=mm&r=g","contentUrl":"https:\/\/secure.gravatar.com\/avatar\/237162ef45888cd7beaaaff5a466d9d08f5480c7b40d53915fa7f52f8f1bcb6f?s=96&d=mm&r=g","caption":"han1"},"url":"https:\/\/hannesriedeins.sommercamp.berlin\/?author=4"}]}},"_links":{"self":[{"href":"https:\/\/hannesriedeins.sommercamp.berlin\/index.php?rest_route=\/wp\/v2\/posts\/3040","targetHints":{"allow":["GET"]}}],"collection":[{"href":"https:\/\/hannesriedeins.sommercamp.berlin\/index.php?rest_route=\/wp\/v2\/posts"}],"about":[{"href":"https:\/\/hannesriedeins.sommercamp.berlin\/index.php?rest_route=\/wp\/v2\/types\/post"}],"author":[{"embeddable":true,"href":"https:\/\/hannesriedeins.sommercamp.berlin\/index.php?rest_route=\/wp\/v2\/users\/4"}],"replies":[{"embeddable":true,"href":"https:\/\/hannesriedeins.sommercamp.berlin\/index.php?rest_route=%2Fwp%2Fv2%2Fcomments&post=3040"}],"version-history":[{"count":4,"href":"https:\/\/hannesriedeins.sommercamp.berlin\/index.php?rest_route=\/wp\/v2\/posts\/3040\/revisions"}],"predecessor-version":[{"id":3056,"href":"https:\/\/hannesriedeins.sommercamp.berlin\/index.php?rest_route=\/wp\/v2\/posts\/3040\/revisions\/3056"}],"wp:attachment":[{"href":"https:\/\/hannesriedeins.sommercamp.berlin\/index.php?rest_route=%2Fwp%2Fv2%2Fmedia&parent=3040"}],"wp:term":[{"taxonomy":"category","embeddable":true,"href":"https:\/\/hannesriedeins.sommercamp.berlin\/index.php?rest_route=%2Fwp%2Fv2%2Fcategories&post=3040"},{"taxonomy":"post_tag","embeddable":true,"href":"https:\/\/hannesriedeins.sommercamp.berlin\/index.php?rest_route=%2Fwp%2Fv2%2Ftags&post=3040"}],"curies":[{"name":"wp","href":"https:\/\/api.w.org\/{rel}","templated":true}]}}